{"id":215,"count":0,"description":"","link":"https:\/\/cortecerto.com\/es\/glossary\/seriado-sob-medida-modulado-e-planejado\/","name":"Seriado, Sob Medida, Modulado e Planejado","slug":"seriado-sob-medida-modulado-e-planejado","taxonomy":"glossaries","parent":0,"meta":{"status":["1"],"order":["0"],"glossary_term_description":["<p style=\"text-align:start;\"><span style=\"color: rgb(51,66,85);background-color: rgb(252,252,252);font-size: 15px;font-family: -apple-system, BlinkMacSystemFont, \"Segoe UI\", Roboto, Oxygen-Sans, Ubuntu, Cantarell, \"Helvetica Neue\", sans-serif;\">Essas s\u00e3o as quatro categorias em que costuma ser dividida a produ\u00e7\u00e3o moveleira, embora, em rigor, a dos Planejados n\u00e3o devesse estar entre elas, como veremos mais adiante.<\/span><\/p>\n<p style=\"text-align:start;\"><span style=\"color: rgb(51,66,85);background-color: rgb(252,252,252);font-size: 15px;font-family: -apple-system, BlinkMacSystemFont, \"Segoe UI\", Roboto, Oxygen-Sans, Ubuntu, Cantarell, \"Helvetica Neue\", sans-serif;\">A dos m\u00f3veis<\/span> <span style=\"color: rgb(51,66,85);background-color: rgb(252,252,252);font-size: 15px;font-family: -apple-system, BlinkMacSystemFont, \"Segoe UI\", Roboto, Oxygen-Sans, Ubuntu, Cantarell, \"Helvetica Neue\", sans-serif;\"><em>Seriados<\/em><\/span> <span style=\"color: rgb(51,66,85);background-color: rgb(252,252,252);font-size: 15px;font-family: -apple-system, BlinkMacSystemFont, \"Segoe UI\", Roboto, Oxygen-Sans, Ubuntu, Cantarell, \"Helvetica Neue\", sans-serif;\">\u00e9 f\u00e1cil entender. \u00c9 a produ\u00e7\u00e3o<\/span> <span style=\"color: rgb(51,66,85);background-color: rgb(252,252,252);font-size: 15px;font-family: -apple-system, BlinkMacSystemFont, \"Segoe UI\", Roboto, Oxygen-Sans, Ubuntu, Cantarell, \"Helvetica Neue\", sans-serif;\"><em>em s\u00e9rie<\/em>, em larga escala, que geralmente tem \u00e0 frente grandes fabricantes. J\u00e1 a dos<\/span> <span style=\"color: rgb(51,66,85);background-color: rgb(252,252,252);font-size: 15px;font-family: -apple-system, BlinkMacSystemFont, \"Segoe UI\", Roboto, Oxygen-Sans, Ubuntu, Cantarell, \"Helvetica Neue\", sans-serif;\"><em>Sob Medida<\/em><\/span> <span style=\"color: rgb(51,66,85);background-color: rgb(252,252,252);font-size: 15px;font-family: -apple-system, BlinkMacSystemFont, \"Segoe UI\", Roboto, Oxygen-Sans, Ubuntu, Cantarell, \"Helvetica Neue\", sans-serif;\">nos remete ao quadro totalmente oposto do artes\u00e3o em sua oficina. E a dos Modulados, como o nome indica, especializa-se na produ\u00e7\u00e3o de m\u00f3dulos que devem encaixar-se entre eles para formar os m\u00f3veis desejados pelo cliente. Na dos Planejados surge n\u00e3o exatamente uma ind\u00fastria, pequena ou grande, mas um projetista que usa principalmente a produ\u00e7\u00e3o dos Modulados combinada com as de marcenaria para atender, dentro do poss\u00edvel, \u00e0s necessidades de seu cliente.<\/span><\/p>\n<p style=\"text-align:start;\"><span style=\"color: rgb(51,66,85);background-color: rgb(252,252,252);font-size: 15px;font-family: -apple-system, BlinkMacSystemFont, \"Segoe UI\", Roboto, Oxygen-Sans, Ubuntu, Cantarell, \"Helvetica Neue\", sans-serif;\">Al\u00e9m do uso de dimens\u00f5es pr\u00e9-estabelecidas, os fabricantes dos m\u00f3veis Seriados t\u00eam em comum, embora sempre possa haver exce\u00e7\u00f5es, as mat\u00e9rias-primas baixo custo, a menor variedade de op\u00e7\u00f5es nas cores e acabamentos e a simplicidade dos produtos finais, assim como a quase inexistente possibilidade de personaliza\u00e7\u00e3o.<\/span><\/p>\n<p style=\"text-align:start;\"><span style=\"color: rgb(51,66,85);background-color: rgb(252,252,252);font-size: 15px;font-family: -apple-system, BlinkMacSystemFont, \"Segoe UI\", Roboto, Oxygen-Sans, Ubuntu, Cantarell, \"Helvetica Neue\", sans-serif;\">N\u00e3o apenas por isso, \u00e9 uma ind\u00fastria capaz de oferecer m\u00f3veis a pre\u00e7os que as outras formas de produ\u00e7\u00e3o n\u00e3o t\u00eam como fazer frente. Tamb\u00e9m possibilitam esses pre\u00e7os reduzidos as economias de escala, atrav\u00e9s de m\u00e1quinas e de trabalho padronizado, e o poder de negocia\u00e7\u00e3o garantido com pedidos de compras regulares e em altos volumes para a mat\u00e9ria prima.<\/span><\/p>\n<p style=\"text-align:start;\"><span style=\"color: rgb(51,66,85);background-color: rgb(252,252,252);font-size: 15px;font-family: -apple-system, BlinkMacSystemFont, \"Segoe UI\", Roboto, Oxygen-Sans, Ubuntu, Cantarell, \"Helvetica Neue\", sans-serif;\">\u00c9 um sistema basicamente fundado no mesmo conceito introduzido por Adam Smith e implementado por Henry Ford no in\u00edcio do s\u00e9culo XX.<\/span><\/p>\n<p style=\"text-align:start;\"><span style=\"color: rgb(51,66,85);background-color: rgb(252,252,252);font-size: 15px;font-family: -apple-system, BlinkMacSystemFont, \"Segoe UI\", Roboto, Oxygen-Sans, Ubuntu, Cantarell, \"Helvetica Neue\", sans-serif;\">\u00c9 evidente que tamb\u00e9m o marceneiro pode usar materiais mais baratos e produzir m\u00f3veis Sob Medida mais simples. A tend\u00eancia, no entanto, \u00e9 que ele busque a personaliza\u00e7\u00e3o, mesmo que seja com o r\u00fastico, a partir do fato em que atender\u00e1 exatamente \u00e0s necessidades do cliente em particular. Seu projeto come\u00e7ar\u00e1 do zero, pensando no preenchimento de cada espa\u00e7o, tendo em vista a harmonia com a decora\u00e7\u00e3o eventualmente existente e, claro, de acordo com o gosto do cliente.<\/span><\/p>\n<p style=\"text-align:start;\"><span style=\"color: rgb(51,66,85);background-color: rgb(252,252,252);font-size: 15px;font-family: -apple-system, BlinkMacSystemFont, \"Segoe UI\", Roboto, Oxygen-Sans, Ubuntu, Cantarell, \"Helvetica Neue\", sans-serif;\">Do ponto de vista do Corte Certo, pode haver grande diferen\u00e7a entre essas duas formas de produ\u00e7\u00e3o, em rela\u00e7\u00e3o ao que elas entendem como boa otimiza\u00e7\u00e3o. Para a Sob Medida interessa principalmente o rendimento da placa, mesmo que essa chapa tenha de ser girada muitas vezes para ser inteiramente cortada. J\u00e1 a produ\u00e7\u00e3o seriada tem o olho na<\/span> <span style=\"color: rgb(51,66,85);background-color: rgb(252,252,252);font-size: 15px;font-family: -apple-system, BlinkMacSystemFont, \"Segoe UI\", Roboto, Oxygen-Sans, Ubuntu, Cantarell, \"Helvetica Neue\", sans-serif;\"><em>velocidade<\/em><\/span> <span style=\"color: rgb(51,66,85);background-color: rgb(252,252,252);font-size: 15px;font-family: -apple-system, BlinkMacSystemFont, \"Segoe UI\", Roboto, Oxygen-Sans, Ubuntu, Cantarell, \"Helvetica Neue\", sans-serif;\">do processo de corte. Os planos de corte ser\u00e3o com frequ\u00eancia produzidos com apenas duas<\/span> <span style=\"color: rgb(51,66,85);background-color: rgb(252,252,252);font-size: 15px;font-family: -apple-system, BlinkMacSystemFont, \"Segoe UI\", Roboto, Oxygen-Sans, Ubuntu, Cantarell, \"Helvetica Neue\", sans-serif;\">fases de corte<\/span> <span style=\"color: rgb(51,66,85);background-color: rgb(252,252,252);font-size: 15px;font-family: -apple-system, BlinkMacSystemFont, \"Segoe UI\", Roboto, Oxygen-Sans, Ubuntu, Cantarell, \"Helvetica Neue\", sans-serif;\">e, n\u00e3o raro, ser\u00e3o utilizadas seccionadoras separadas (ou m\u00e1quinas angulares) para cortar cada uma dessas fases.<\/span><\/p>\n<p style=\"text-align:start;\"><span style=\"color: rgb(51,66,85);background-color: rgb(252,252,252);font-size: 15px;font-family: -apple-system, BlinkMacSystemFont, \"Segoe UI\", Roboto, Oxygen-Sans, Ubuntu, Cantarell, \"Helvetica Neue\", sans-serif;\">Outra diferen\u00e7a est\u00e1 no trato dos retalhos, as sobras aproveit\u00e1veis. Para o marceneiro, o seu aproveitamento atrav\u00e9s do Corte Certo, \u00e9 uma grande fonte de economia. Para a produ\u00e7\u00e3o seriada vale mais a pena descart\u00e1-los.<\/span><\/p>\n<p style=\"text-align:start;\"><span style=\"color: rgb(51,66,85);background-color: rgb(252,252,252);font-size: 15px;font-family: -apple-system, BlinkMacSystemFont, \"Segoe UI\", Roboto, Oxygen-Sans, Ubuntu, Cantarell, \"Helvetica Neue\", sans-serif;\">O Modulado \u00e9 um meio-termo entre as duas categorias. Tem um p\u00e9 no Seriado, visto que produz m\u00f3dulos pr\u00e9-dimensionados, e outro no Sob Medida, como veremos na categoria dos Planejados. Os Modulados ou \u201cModulares\u201d se distinguem da produ\u00e7\u00e3o seriada principalmente porque s\u00e3o capazes de oferecer variedade de materiais, revestimentos ou mesmo de estilos.<\/span><\/p>\n<p style=\"text-align:start;\"><span style=\"color: rgb(51,66,85);background-color: rgb(252,252,252);font-size: 15px;font-family: -apple-system, BlinkMacSystemFont, \"Segoe UI\", Roboto, Oxygen-Sans, Ubuntu, Cantarell, \"Helvetica Neue\", sans-serif;\">J\u00e1 o Planejado n\u00e3o poderia ser colocado exatamente como uma categoria de produ\u00e7\u00e3o fabril \u00e0 parte. No fundo, trata-se simplesmente de um modo de uso dos Modulados pelo projetista. O que ele faz \u00e9 criar um encaixe de m\u00f3dulos existentes, com uma combina\u00e7\u00e3o de pe\u00e7as de acabamento, para oferecer a seu cliente o m\u00f3vel que mais se aproxime das suas necessidades.<\/span><\/p>\n<p style=\"text-align:start;\"><span style=\"color: rgb(51,66,85);background-color: rgb(252,252,252);font-size: 15px;font-family: -apple-system, BlinkMacSystemFont, \"Segoe UI\", Roboto, Oxygen-Sans, Ubuntu, Cantarell, \"Helvetica Neue\", sans-serif;\">Para facilitar a sua tarefa, algumas ind\u00fastrias de Modulados oferecem um n\u00famero limitado de diferentes dimens\u00f5es para o mesmo m\u00f3dulo. Mesmo assim, dificilmente o m\u00f3vel ter\u00e1 exatamente a medida necess\u00e1ria. Nesse caso, surge novamente a figura do marceneiro para unificar m\u00f3dulos e criar preenchimentos de espa\u00e7os, completando medidas.<\/span><\/p>\n<p style=\"text-align:start;\"><span style=\"color: rgb(51,66,85);background-color: rgb(252,252,252);font-size: 15px;font-family: -apple-system, BlinkMacSystemFont, \"Segoe UI\", Roboto, Oxygen-Sans, Ubuntu, Cantarell, \"Helvetica Neue\", sans-serif;\">A vantagem que as empresas de m\u00f3veis planejados levam sobre os marceneiros \u00e9 a de poder apresentar um showroom, enquanto estes profissionais t\u00eam de se resolver com fotos de trabalhos anteriores ou, eventualmente, contando com a boa vontade de clientes dispostos a receber visitas de estranhos.<\/span>&nbsp;<\/p>\n"]},"yoast_head":"<!-- This site is optimized with the Yoast SEO plugin v27.5 - https:\/\/yoast.com\/product\/yoast-seo-wordpress\/ -->\n<title>Seriado, Sob Medida, Modulado e Planejado archivos - Corte Certo - Software para Otimiza\u00e7\u00e3o de Planos de Corte<\/title>\n<meta name=\"robots\" content=\"index, follow, max-snippet:-1, max-image-preview:large, max-video-preview:-1\" \/>\n<link rel=\"canonical\" href=\"https:\/\/cortecerto.com\/es\/glossary\/seriado-sob-medida-modulado-e-planejado\/\" \/>\n<meta property=\"og:locale\" content=\"es_ES\" \/>\n<meta property=\"og:type\" content=\"article\" \/>\n<meta property=\"og:title\" content=\"Seriado, Sob Medida, Modulado e Planejado archivos - Corte Certo - Software para Otimiza\u00e7\u00e3o de Planos de Corte\" \/>\n<meta property=\"og:url\" content=\"https:\/\/cortecerto.com\/es\/glossary\/seriado-sob-medida-modulado-e-planejado\/\" \/>\n<meta property=\"og:site_name\" content=\"Corte Certo - Software para Otimiza\u00e7\u00e3o de Planos de Corte\" \/>\n<meta name=\"twitter:card\" content=\"summary_large_image\" \/>\n<script type=\"application\/ld+json\" class=\"yoast-schema-graph\">{\"@context\":\"https:\\\/\\\/schema.org\",\"@graph\":[{\"@type\":\"CollectionPage\",\"@id\":\"https:\\\/\\\/cortecerto.com\\\/es\\\/glossary\\\/seriado-sob-medida-modulado-e-planejado\\\/\",\"url\":\"https:\\\/\\\/cortecerto.com\\\/es\\\/glossary\\\/seriado-sob-medida-modulado-e-planejado\\\/\",\"name\":\"Seriado, Sob Medida, Modulado e Planejado archivos - Corte Certo - Software para Otimiza\u00e7\u00e3o de Planos de Corte\",\"isPartOf\":{\"@id\":\"https:\\\/\\\/cortecerto.com\\\/es\\\/#website\"},\"breadcrumb\":{\"@id\":\"https:\\\/\\\/cortecerto.com\\\/es\\\/glossary\\\/seriado-sob-medida-modulado-e-planejado\\\/#breadcrumb\"},\"inLanguage\":\"es\"},{\"@type\":\"BreadcrumbList\",\"@id\":\"https:\\\/\\\/cortecerto.com\\\/es\\\/glossary\\\/seriado-sob-medida-modulado-e-planejado\\\/#breadcrumb\",\"itemListElement\":[{\"@type\":\"ListItem\",\"position\":1,\"name\":\"In\u00edcio\",\"item\":\"https:\\\/\\\/cortecerto.com\\\/es\\\/\"},{\"@type\":\"ListItem\",\"position\":2,\"name\":\"Seriado, Sob Medida, Modulado e Planejado\"}]},{\"@type\":\"WebSite\",\"@id\":\"https:\\\/\\\/cortecerto.com\\\/es\\\/#website\",\"url\":\"https:\\\/\\\/cortecerto.com\\\/es\\\/\",\"name\":\"Corte Certo - Software para Otimiza\u00e7\u00e3o de Planos de Corte\",\"description\":\"\",\"publisher\":{\"@id\":\"https:\\\/\\\/cortecerto.com\\\/es\\\/#organization\"},\"potentialAction\":[{\"@type\":\"SearchAction\",\"target\":{\"@type\":\"EntryPoint\",\"urlTemplate\":\"https:\\\/\\\/cortecerto.com\\\/es\\\/?s={search_term_string}\"},\"query-input\":{\"@type\":\"PropertyValueSpecification\",\"valueRequired\":true,\"valueName\":\"search_term_string\"}}],\"inLanguage\":\"es\"},{\"@type\":\"Organization\",\"@id\":\"https:\\\/\\\/cortecerto.com\\\/es\\\/#organization\",\"name\":\"Corte Certo - Software para Otimiza\u00e7\u00e3o de Planos de Corte\",\"url\":\"https:\\\/\\\/cortecerto.com\\\/es\\\/\",\"logo\":{\"@type\":\"ImageObject\",\"inLanguage\":\"es\",\"@id\":\"https:\\\/\\\/cortecerto.com\\\/es\\\/#\\\/schema\\\/logo\\\/image\\\/\",\"url\":\"https:\\\/\\\/cortecerto.com\\\/wp-content\\\/uploads\\\/2022\\\/10\\\/logo-corte-certo-branco.png\",\"contentUrl\":\"https:\\\/\\\/cortecerto.com\\\/wp-content\\\/uploads\\\/2022\\\/10\\\/logo-corte-certo-branco.png\",\"width\":2560,\"height\":293,\"caption\":\"Corte Certo - Software para Otimiza\u00e7\u00e3o de Planos de Corte\"},\"image\":{\"@id\":\"https:\\\/\\\/cortecerto.com\\\/es\\\/#\\\/schema\\\/logo\\\/image\\\/\"}}]}<\/script>\n<!-- \/ Yoast SEO plugin. -->","yoast_head_json":{"title":"Seriado, Sob Medida, Modulado e Planejado archivos - Corte Certo - Software para Otimiza\u00e7\u00e3o de Planos de Corte","robots":{"index":"index","follow":"follow","max-snippet":"max-snippet:-1","max-image-preview":"max-image-preview:large","max-video-preview":"max-video-preview:-1"},"canonical":"https:\/\/cortecerto.com\/es\/glossary\/seriado-sob-medida-modulado-e-planejado\/","og_locale":"es_ES","og_type":"article","og_title":"Seriado, Sob Medida, Modulado e Planejado archivos - Corte Certo - Software para Otimiza\u00e7\u00e3o de Planos de Corte","og_url":"https:\/\/cortecerto.com\/es\/glossary\/seriado-sob-medida-modulado-e-planejado\/","og_site_name":"Corte Certo - Software para Otimiza\u00e7\u00e3o de Planos de Corte","twitter_card":"summary_large_image","schema":{"@context":"https:\/\/schema.org","@graph":[{"@type":"CollectionPage","@id":"https:\/\/cortecerto.com\/es\/glossary\/seriado-sob-medida-modulado-e-planejado\/","url":"https:\/\/cortecerto.com\/es\/glossary\/seriado-sob-medida-modulado-e-planejado\/","name":"Seriado, Sob Medida, Modulado e Planejado archivos - Corte Certo - Software para Otimiza\u00e7\u00e3o de Planos de Corte","isPartOf":{"@id":"https:\/\/cortecerto.com\/es\/#website"},"breadcrumb":{"@id":"https:\/\/cortecerto.com\/es\/glossary\/seriado-sob-medida-modulado-e-planejado\/#breadcrumb"},"inLanguage":"es"},{"@type":"BreadcrumbList","@id":"https:\/\/cortecerto.com\/es\/glossary\/seriado-sob-medida-modulado-e-planejado\/#breadcrumb","itemListElement":[{"@type":"ListItem","position":1,"name":"In\u00edcio","item":"https:\/\/cortecerto.com\/es\/"},{"@type":"ListItem","position":2,"name":"Seriado, Sob Medida, Modulado e Planejado"}]},{"@type":"WebSite","@id":"https:\/\/cortecerto.com\/es\/#website","url":"https:\/\/cortecerto.com\/es\/","name":"Corte Certo - Software para Otimiza\u00e7\u00e3o de Planos de Corte","description":"","publisher":{"@id":"https:\/\/cortecerto.com\/es\/#organization"},"potentialAction":[{"@type":"SearchAction","target":{"@type":"EntryPoint","urlTemplate":"https:\/\/cortecerto.com\/es\/?s={search_term_string}"},"query-input":{"@type":"PropertyValueSpecification","valueRequired":true,"valueName":"search_term_string"}}],"inLanguage":"es"},{"@type":"Organization","@id":"https:\/\/cortecerto.com\/es\/#organization","name":"Corte Certo - Software para Otimiza\u00e7\u00e3o de Planos de Corte","url":"https:\/\/cortecerto.com\/es\/","logo":{"@type":"ImageObject","inLanguage":"es","@id":"https:\/\/cortecerto.com\/es\/#\/schema\/logo\/image\/","url":"https:\/\/cortecerto.com\/wp-content\/uploads\/2022\/10\/logo-corte-certo-branco.png","contentUrl":"https:\/\/cortecerto.com\/wp-content\/uploads\/2022\/10\/logo-corte-certo-branco.png","width":2560,"height":293,"caption":"Corte Certo - Software para Otimiza\u00e7\u00e3o de Planos de Corte"},"image":{"@id":"https:\/\/cortecerto.com\/es\/#\/schema\/logo\/image\/"}}]}},"glossary_term_description":"<p style=\"text-align:start;\"><span style=\"color: rgb(51,66,85);background-color: rgb(252,252,252);font-size: 15px;font-family: -apple-system, BlinkMacSystemFont, \"Segoe UI\", Roboto, Oxygen-Sans, Ubuntu, Cantarell, \"Helvetica Neue\", sans-serif;\">Essas s\u00e3o as quatro categorias em que costuma ser dividida a produ\u00e7\u00e3o moveleira, embora, em rigor, a dos Planejados n\u00e3o devesse estar entre elas, como veremos mais adiante.<\/span><\/p>\n<p style=\"text-align:start;\"><span style=\"color: rgb(51,66,85);background-color: rgb(252,252,252);font-size: 15px;font-family: -apple-system, BlinkMacSystemFont, \"Segoe UI\", Roboto, Oxygen-Sans, Ubuntu, Cantarell, \"Helvetica Neue\", sans-serif;\">A dos m\u00f3veis<\/span> <span style=\"color: rgb(51,66,85);background-color: rgb(252,252,252);font-size: 15px;font-family: -apple-system, BlinkMacSystemFont, \"Segoe UI\", Roboto, Oxygen-Sans, Ubuntu, Cantarell, \"Helvetica Neue\", sans-serif;\"><em>Seriados<\/em><\/span> <span style=\"color: rgb(51,66,85);background-color: rgb(252,252,252);font-size: 15px;font-family: -apple-system, BlinkMacSystemFont, \"Segoe UI\", Roboto, Oxygen-Sans, Ubuntu, Cantarell, \"Helvetica Neue\", sans-serif;\">\u00e9 f\u00e1cil entender. \u00c9 a produ\u00e7\u00e3o<\/span> <span style=\"color: rgb(51,66,85);background-color: rgb(252,252,252);font-size: 15px;font-family: -apple-system, BlinkMacSystemFont, \"Segoe UI\", Roboto, Oxygen-Sans, Ubuntu, Cantarell, \"Helvetica Neue\", sans-serif;\"><em>em s\u00e9rie<\/em>, em larga escala, que geralmente tem \u00e0 frente grandes fabricantes. J\u00e1 a dos<\/span> <span style=\"color: rgb(51,66,85);background-color: rgb(252,252,252);font-size: 15px;font-family: -apple-system, BlinkMacSystemFont, \"Segoe UI\", Roboto, Oxygen-Sans, Ubuntu, Cantarell, \"Helvetica Neue\", sans-serif;\"><em>Sob Medida<\/em><\/span> <span style=\"color: rgb(51,66,85);background-color: rgb(252,252,252);font-size: 15px;font-family: -apple-system, BlinkMacSystemFont, \"Segoe UI\", Roboto, Oxygen-Sans, Ubuntu, Cantarell, \"Helvetica Neue\", sans-serif;\">nos remete ao quadro totalmente oposto do artes\u00e3o em sua oficina. E a dos Modulados, como o nome indica, especializa-se na produ\u00e7\u00e3o de m\u00f3dulos que devem encaixar-se entre eles para formar os m\u00f3veis desejados pelo cliente. Na dos Planejados surge n\u00e3o exatamente uma ind\u00fastria, pequena ou grande, mas um projetista que usa principalmente a produ\u00e7\u00e3o dos Modulados combinada com as de marcenaria para atender, dentro do poss\u00edvel, \u00e0s necessidades de seu cliente.<\/span><\/p>\n<p style=\"text-align:start;\"><span style=\"color: rgb(51,66,85);background-color: rgb(252,252,252);font-size: 15px;font-family: -apple-system, BlinkMacSystemFont, \"Segoe UI\", Roboto, Oxygen-Sans, Ubuntu, Cantarell, \"Helvetica Neue\", sans-serif;\">Al\u00e9m do uso de dimens\u00f5es pr\u00e9-estabelecidas, os fabricantes dos m\u00f3veis Seriados t\u00eam em comum, embora sempre possa haver exce\u00e7\u00f5es, as mat\u00e9rias-primas baixo custo, a menor variedade de op\u00e7\u00f5es nas cores e acabamentos e a simplicidade dos produtos finais, assim como a quase inexistente possibilidade de personaliza\u00e7\u00e3o.<\/span><\/p>\n<p style=\"text-align:start;\"><span style=\"color: rgb(51,66,85);background-color: rgb(252,252,252);font-size: 15px;font-family: -apple-system, BlinkMacSystemFont, \"Segoe UI\", Roboto, Oxygen-Sans, Ubuntu, Cantarell, \"Helvetica Neue\", sans-serif;\">N\u00e3o apenas por isso, \u00e9 uma ind\u00fastria capaz de oferecer m\u00f3veis a pre\u00e7os que as outras formas de produ\u00e7\u00e3o n\u00e3o t\u00eam como fazer frente. Tamb\u00e9m possibilitam esses pre\u00e7os reduzidos as economias de escala, atrav\u00e9s de m\u00e1quinas e de trabalho padronizado, e o poder de negocia\u00e7\u00e3o garantido com pedidos de compras regulares e em altos volumes para a mat\u00e9ria prima.<\/span><\/p>\n<p style=\"text-align:start;\"><span style=\"color: rgb(51,66,85);background-color: rgb(252,252,252);font-size: 15px;font-family: -apple-system, BlinkMacSystemFont, \"Segoe UI\", Roboto, Oxygen-Sans, Ubuntu, Cantarell, \"Helvetica Neue\", sans-serif;\">\u00c9 um sistema basicamente fundado no mesmo conceito introduzido por Adam Smith e implementado por Henry Ford no in\u00edcio do s\u00e9culo XX.<\/span><\/p>\n<p style=\"text-align:start;\"><span style=\"color: rgb(51,66,85);background-color: rgb(252,252,252);font-size: 15px;font-family: -apple-system, BlinkMacSystemFont, \"Segoe UI\", Roboto, Oxygen-Sans, Ubuntu, Cantarell, \"Helvetica Neue\", sans-serif;\">\u00c9 evidente que tamb\u00e9m o marceneiro pode usar materiais mais baratos e produzir m\u00f3veis Sob Medida mais simples. A tend\u00eancia, no entanto, \u00e9 que ele busque a personaliza\u00e7\u00e3o, mesmo que seja com o r\u00fastico, a partir do fato em que atender\u00e1 exatamente \u00e0s necessidades do cliente em particular. Seu projeto come\u00e7ar\u00e1 do zero, pensando no preenchimento de cada espa\u00e7o, tendo em vista a harmonia com a decora\u00e7\u00e3o eventualmente existente e, claro, de acordo com o gosto do cliente.<\/span><\/p>\n<p style=\"text-align:start;\"><span style=\"color: rgb(51,66,85);background-color: rgb(252,252,252);font-size: 15px;font-family: -apple-system, BlinkMacSystemFont, \"Segoe UI\", Roboto, Oxygen-Sans, Ubuntu, Cantarell, \"Helvetica Neue\", sans-serif;\">Do ponto de vista do Corte Certo, pode haver grande diferen\u00e7a entre essas duas formas de produ\u00e7\u00e3o, em rela\u00e7\u00e3o ao que elas entendem como boa otimiza\u00e7\u00e3o. Para a Sob Medida interessa principalmente o rendimento da placa, mesmo que essa chapa tenha de ser girada muitas vezes para ser inteiramente cortada. J\u00e1 a produ\u00e7\u00e3o seriada tem o olho na<\/span> <span style=\"color: rgb(51,66,85);background-color: rgb(252,252,252);font-size: 15px;font-family: -apple-system, BlinkMacSystemFont, \"Segoe UI\", Roboto, Oxygen-Sans, Ubuntu, Cantarell, \"Helvetica Neue\", sans-serif;\"><em>velocidade<\/em><\/span> <span style=\"color: rgb(51,66,85);background-color: rgb(252,252,252);font-size: 15px;font-family: -apple-system, BlinkMacSystemFont, \"Segoe UI\", Roboto, Oxygen-Sans, Ubuntu, Cantarell, \"Helvetica Neue\", sans-serif;\">do processo de corte. Os planos de corte ser\u00e3o com frequ\u00eancia produzidos com apenas duas<\/span> <span style=\"color: rgb(51,66,85);background-color: rgb(252,252,252);font-size: 15px;font-family: -apple-system, BlinkMacSystemFont, \"Segoe UI\", Roboto, Oxygen-Sans, Ubuntu, Cantarell, \"Helvetica Neue\", sans-serif;\">fases de corte<\/span> <span style=\"color: rgb(51,66,85);background-color: rgb(252,252,252);font-size: 15px;font-family: -apple-system, BlinkMacSystemFont, \"Segoe UI\", Roboto, Oxygen-Sans, Ubuntu, Cantarell, \"Helvetica Neue\", sans-serif;\">e, n\u00e3o raro, ser\u00e3o utilizadas seccionadoras separadas (ou m\u00e1quinas angulares) para cortar cada uma dessas fases.<\/span><\/p>\n<p style=\"text-align:start;\"><span style=\"color: rgb(51,66,85);background-color: rgb(252,252,252);font-size: 15px;font-family: -apple-system, BlinkMacSystemFont, \"Segoe UI\", Roboto, Oxygen-Sans, Ubuntu, Cantarell, \"Helvetica Neue\", sans-serif;\">Outra diferen\u00e7a est\u00e1 no trato dos retalhos, as sobras aproveit\u00e1veis. Para o marceneiro, o seu aproveitamento atrav\u00e9s do Corte Certo, \u00e9 uma grande fonte de economia. Para a produ\u00e7\u00e3o seriada vale mais a pena descart\u00e1-los.<\/span><\/p>\n<p style=\"text-align:start;\"><span style=\"color: rgb(51,66,85);background-color: rgb(252,252,252);font-size: 15px;font-family: -apple-system, BlinkMacSystemFont, \"Segoe UI\", Roboto, Oxygen-Sans, Ubuntu, Cantarell, \"Helvetica Neue\", sans-serif;\">O Modulado \u00e9 um meio-termo entre as duas categorias. Tem um p\u00e9 no Seriado, visto que produz m\u00f3dulos pr\u00e9-dimensionados, e outro no Sob Medida, como veremos na categoria dos Planejados. Os Modulados ou \u201cModulares\u201d se distinguem da produ\u00e7\u00e3o seriada principalmente porque s\u00e3o capazes de oferecer variedade de materiais, revestimentos ou mesmo de estilos.<\/span><\/p>\n<p style=\"text-align:start;\"><span style=\"color: rgb(51,66,85);background-color: rgb(252,252,252);font-size: 15px;font-family: -apple-system, BlinkMacSystemFont, \"Segoe UI\", Roboto, Oxygen-Sans, Ubuntu, Cantarell, \"Helvetica Neue\", sans-serif;\">J\u00e1 o Planejado n\u00e3o poderia ser colocado exatamente como uma categoria de produ\u00e7\u00e3o fabril \u00e0 parte. No fundo, trata-se simplesmente de um modo de uso dos Modulados pelo projetista. O que ele faz \u00e9 criar um encaixe de m\u00f3dulos existentes, com uma combina\u00e7\u00e3o de pe\u00e7as de acabamento, para oferecer a seu cliente o m\u00f3vel que mais se aproxime das suas necessidades.<\/span><\/p>\n<p style=\"text-align:start;\"><span style=\"color: rgb(51,66,85);background-color: rgb(252,252,252);font-size: 15px;font-family: -apple-system, BlinkMacSystemFont, \"Segoe UI\", Roboto, Oxygen-Sans, Ubuntu, Cantarell, \"Helvetica Neue\", sans-serif;\">Para facilitar a sua tarefa, algumas ind\u00fastrias de Modulados oferecem um n\u00famero limitado de diferentes dimens\u00f5es para o mesmo m\u00f3dulo. Mesmo assim, dificilmente o m\u00f3vel ter\u00e1 exatamente a medida necess\u00e1ria. Nesse caso, surge novamente a figura do marceneiro para unificar m\u00f3dulos e criar preenchimentos de espa\u00e7os, completando medidas.<\/span><\/p>\n<p style=\"text-align:start;\"><span style=\"color: rgb(51,66,85);background-color: rgb(252,252,252);font-size: 15px;font-family: -apple-system, BlinkMacSystemFont, \"Segoe UI\", Roboto, Oxygen-Sans, Ubuntu, Cantarell, \"Helvetica Neue\", sans-serif;\">A vantagem que as empresas de m\u00f3veis planejados levam sobre os marceneiros \u00e9 a de poder apresentar um showroom, enquanto estes profissionais t\u00eam de se resolver com fotos de trabalhos anteriores ou, eventualmente, contando com a boa vontade de clientes dispostos a receber visitas de estranhos.<\/span>&nbsp;<\/p>\n","_links":{"self":[{"href":"https:\/\/cortecerto.com\/es\/wp-json\/wp\/v2\/glossaries\/215","targetHints":{"allow":["GET"]}}],"collection":[{"href":"https:\/\/cortecerto.com\/es\/wp-json\/wp\/v2\/glossaries"}],"about":[{"href":"https:\/\/cortecerto.com\/es\/wp-json\/wp\/v2\/taxonomies\/glossaries"}],"wp:post_type":[{"href":"https:\/\/cortecerto.com\/es\/wp-json\/wp\/v2\/docs?glossaries=215"}],"curies":[{"name":"wp","href":"https:\/\/api.w.org\/{rel}","templated":true}]}}