{"id":206,"count":0,"description":"","link":"https:\/\/cortecerto.com\/es\/glossary\/plano-de-corte\/","name":"Plano de Corte","slug":"plano-de-corte","taxonomy":"glossaries","parent":0,"meta":{"status":["1"],"order":["0"],"glossary_term_description":["<p style=\"text-align:start;\"><span style=\"color: rgb(51,66,85);background-color: var(--ast-global-color-5);font-size: 15px;font-family: -apple-system, BlinkMacSystemFont, \"Segoe UI\", Roboto, Oxygen-Sans, Ubuntu, Cantarell, \"Helvetica Neue\", sans-serif;\">No contexto deste gloss\u00e1rio pode-se definir Plano de corte como o conjunto de instru\u00e7\u00f5es ou indica\u00e7\u00f5es para orientar o corte de um material do qual se pretenda tirar pe\u00e7as. Esses planos cont\u00eam instru\u00e7\u00f5es pr\u00e1ticas e precisas para ganho de tempo com o m\u00ednimo de erro, no momento do corte. Essas diretrizes espec\u00edficas para o corte podem ser enviadas diretamente a m\u00e1quinas automatizadas, como seccionadoras, guilhotinas ou m\u00e1quinas de corte CNC, com benef\u00edcios ainda maiores \u00e0 produtividade.<\/span><\/p>\n<p style=\"text-align:justify;\"><span style=\"color: rgb(51,66,85);background-color: var(--ast-global-color-5);font-size: 15px;font-family: -apple-system, BlinkMacSystemFont, \"Segoe UI\", Roboto, Oxygen-Sans, Ubuntu, Cantarell, \"Helvetica Neue\", sans-serif;\">Embora a palavra plano contenha tamb\u00e9m as acep\u00e7\u00f5es de esquema, desenho, mapa, rascunho, etc... essas informa\u00e7\u00f5es podem ser apresentadas atrav\u00e9s de linhas de c\u00f3digo. Quando t\u00eam o apoio de representa\u00e7\u00f5es gr\u00e1ficas, podem ter nomes mais esclarecedores como esquema de corte, mapa de corte, diagrama ou layout. As imagens explicam melhor:<\/span><\/p>\n<p style=\"margin-left:0px;\"><\/p>\n<img src=\"https:\/\/cortecerto.com\/wp-content\/uploads\/2015\/01\/plano-de-corte-1-1024x794.png\" alt=\"plano de corte 1\" style=\"height: auto;width: \"\/>\n<p style=\"margin-left:0px;\"><span style=\"color: rgb(51,66,85);background-color: var(--ast-global-color-5);font-size: 15px;font-family: -apple-system, BlinkMacSystemFont, \"Segoe UI\", Roboto, Oxygen-Sans, Ubuntu, Cantarell, \"Helvetica Neue\", sans-serif;\">Se for para estabelecer uma rela\u00e7\u00e3o com planejamento, podemos dizer que esta \u00e9 a fase em que se determinam as limita\u00e7\u00f5es ao c\u00e1lculo, tais como, se o sentido do veio dever\u00e1 ser mantido, se haver\u00e1 ou n\u00e3o desgaste adicional nas bordas das pe\u00e7as ap\u00f3s o corte, se a espessura do instrumento de corte consumir\u00e1 parte do material, etc...<\/span><\/p>\n<p style=\"margin-left:0px;\"><span style=\"color: rgb(51,66,85);background-color: var(--ast-global-color-5);font-size: 15px;font-family: -apple-system, BlinkMacSystemFont, \"Segoe UI\", Roboto, Oxygen-Sans, Ubuntu, Cantarell, \"Helvetica Neue\", sans-serif;\">Naturalmente, h\u00e1 planos de corte mais simples e outros de grande complexidade. Mais limita\u00e7\u00f5es configuradas, em geral, implicam em maior complexidade.<\/span><\/p>\n<p style=\"margin-left:0px;\"><span style=\"color: rgb(51,66,85);background-color: var(--ast-global-color-5);font-size: 15px;font-family: -apple-system, BlinkMacSystemFont, \"Segoe UI\", Roboto, Oxygen-Sans, Ubuntu, Cantarell, \"Helvetica Neue\", sans-serif;\">Nos casos de complexidade zero, o plano nem chega a existir. Exemplo \u00e9 o vidraceiro que corta de um lado qualquer da chapa o vidro que precisa para um porta-retratos. Ou o marceneiro que usa uma sobra qualquer para repor uma pe\u00e7a danificada. Mas h\u00e1 casos de extrema simplicidade que prevaleceram (e que ainda sobrevivem!) nos tempos que antecederam os softwares e que s\u00e3o leg\u00edtimos planos de corte. Como fazer, por exemplo, para cortar mil pe\u00e7as retangulares de tamanhos variados? N\u00e3o havia outro jeito: o plano de corte ia sendo produzido um a um, a m\u00e3o, a partir do tamanho da chapa e, geralmente, esgotando cada quantidade de um tamanho de pe\u00e7a, antes de come\u00e7ar a encaixar as outras pe\u00e7as. Nos prim\u00f3rdios dos softwares, esse trabalho p\u00f4de ser automatizado para os operadores m\u00e1quinas de corte, que passaram a usar coordenadas x-y para produzir mais rapidamente em tela, e com maior precis\u00e3o, os seus planos de corte.<\/span><\/p>\n<p style=\"margin-left:0px;\"><span style=\"color: rgb(51,66,85);background-color: var(--ast-global-color-5);font-size: 15px;font-family: -apple-system, BlinkMacSystemFont, \"Segoe UI\", Roboto, Oxygen-Sans, Ubuntu, Cantarell, \"Helvetica Neue\", sans-serif;\">Nos dias de hoje, os planos de corte gerados pelo Corte Certo come\u00e7am por antecipar uma informa\u00e7\u00e3o mais que preciosa para a \u00e1rea de Or\u00e7amentos e de Compras: o n\u00famero de chapas necess\u00e1rias para atender ao pedido. Indo al\u00e9m do processo do corte, pode indicar acabamentos nas bordas, como o fitamento, na ind\u00fastria moveleira, ou o trabalho de bisot\u00ea, na de vidro \u2013 entre outros.<\/span><\/p>\n<p style=\"margin-left:0px;\"><span style=\"color: rgb(51,66,85);background-color: var(--ast-global-color-5);font-size: 15px;font-family: -apple-system, BlinkMacSystemFont, \"Segoe UI\", Roboto, Oxygen-Sans, Ubuntu, Cantarell, \"Helvetica Neue\", sans-serif;\">Informa\u00e7\u00f5es mais comuns presentes em um plano de corte para chapas:<\/span><\/p>\n<p style=\"margin-left:0px;\"><span style=\"color: rgb(51,66,85);background-color: var(--ast-global-color-5);font-size: 15px;font-family: -apple-system, BlinkMacSystemFont, \"Segoe UI\", Roboto, Oxygen-Sans, Ubuntu, Cantarell, \"Helvetica Neue\", sans-serif;\">Material a ser cortado<\/span><br><span style=\"color: rgb(51,66,85);background-color: var(--ast-global-color-5);font-size: 15px;font-family: -apple-system, BlinkMacSystemFont, \"Segoe UI\", Roboto, Oxygen-Sans, Ubuntu, Cantarell, \"Helvetica Neue\", sans-serif;\">Vis\u00e3o geral com todos os esquemas de corte do plano<\/span><br><span style=\"color: rgb(51,66,85);background-color: var(--ast-global-color-5);font-size: 15px;font-family: -apple-system, BlinkMacSystemFont, \"Segoe UI\", Roboto, Oxygen-Sans, Ubuntu, Cantarell, \"Helvetica Neue\", sans-serif;\">N\u00famero de repeti\u00e7\u00f5es do mesmo esquema<\/span><br><span style=\"color: rgb(51,66,85);background-color: var(--ast-global-color-5);font-size: 15px;font-family: -apple-system, BlinkMacSystemFont, \"Segoe UI\", Roboto, Oxygen-Sans, Ubuntu, Cantarell, \"Helvetica Neue\", sans-serif;\">Posi\u00e7\u00e3o e identifica\u00e7\u00e3o de cada pe\u00e7a encaixada<\/span><br><span style=\"color: rgb(51,66,85);background-color: var(--ast-global-color-5);font-size: 15px;font-family: -apple-system, BlinkMacSystemFont, \"Segoe UI\", Roboto, Oxygen-Sans, Ubuntu, Cantarell, \"Helvetica Neue\", sans-serif;\">Dimens\u00f5es das chapas e das pe\u00e7as<\/span><br><span style=\"color: rgb(51,66,85);background-color: var(--ast-global-color-5);font-size: 15px;font-family: -apple-system, BlinkMacSystemFont, \"Segoe UI\", Roboto, Oxygen-Sans, Ubuntu, Cantarell, \"Helvetica Neue\", sans-serif;\">Retalhos com dimens\u00f5es<\/span><br><span style=\"color: rgb(51,66,85);background-color: var(--ast-global-color-5);font-size: 15px;font-family: -apple-system, BlinkMacSystemFont, \"Segoe UI\", Roboto, Oxygen-Sans, Ubuntu, Cantarell, \"Helvetica Neue\", sans-serif;\">Sobras com dimens\u00f5es<\/span><br><span style=\"color: rgb(51,66,85);background-color: var(--ast-global-color-5);font-size: 15px;font-family: -apple-system, BlinkMacSystemFont, \"Segoe UI\", Roboto, Oxygen-Sans, Ubuntu, Cantarell, \"Helvetica Neue\", sans-serif;\">Pe\u00e7as extras com dimens\u00f5es<\/span><br><span style=\"color: rgb(51,66,85);background-color: var(--ast-global-color-5);font-size: 15px;font-family: -apple-system, BlinkMacSystemFont, \"Segoe UI\", Roboto, Oxygen-Sans, Ubuntu, Cantarell, \"Helvetica Neue\", sans-serif;\">Ordem dos cortes<\/span><\/p>\n<p style=\"margin-left:0px;\"><\/p>\n<img src=\"https:\/\/cortecerto.com\/wp-content\/uploads\/2015\/01\/plano-de-corte-2.jpg\" alt=\"plano de corte 2\" style=\"height: auto;width: \"\/>\n<p style=\"margin-left:0px;\"><span style=\"color: rgb(51,66,85);background-color: var(--ast-global-color-5);font-size: 15px;font-family: -apple-system, BlinkMacSystemFont, \"Segoe UI\", Roboto, Oxygen-Sans, Ubuntu, Cantarell, \"Helvetica Neue\", sans-serif;\">Principais componentes de um plano de corte produzido para chapas.<\/span><br><span style=\"color: rgb(51,66,85);background-color: var(--ast-global-color-5);font-size: 15px;font-family: -apple-system, BlinkMacSystemFont, \"Segoe UI\", Roboto, Oxygen-Sans, Ubuntu, Cantarell, \"Helvetica Neue\", sans-serif;\">O Corte Certo pode ser configurado para mostrar mais, em tela. Alguns exemplos:<\/span><\/p>\n<p style=\"margin-left:0px;\"><span style=\"color: rgb(51,66,85);background-color: var(--ast-global-color-5);font-size: 15px;font-family: -apple-system, BlinkMacSystemFont, \"Segoe UI\", Roboto, Oxygen-Sans, Ubuntu, Cantarell, \"Helvetica Neue\", sans-serif;\">Diferentes formas de descri\u00e7\u00e3o para as pe\u00e7as ou retalhos.<\/span><br><span style=\"color: rgb(51,66,85);background-color: var(--ast-global-color-5);font-size: 15px;font-family: -apple-system, BlinkMacSystemFont, \"Segoe UI\", Roboto, Oxygen-Sans, Ubuntu, Cantarell, \"Helvetica Neue\", sans-serif;\">Sinaliza\u00e7\u00e3o de pe\u00e7as muito pequenas.<\/span><br><span style=\"color: rgb(51,66,85);background-color: var(--ast-global-color-5);font-size: 15px;font-family: -apple-system, BlinkMacSystemFont, \"Segoe UI\", Roboto, Oxygen-Sans, Ubuntu, Cantarell, \"Helvetica Neue\", sans-serif;\">Sinaliza\u00e7\u00e3o da \u00faltima pe\u00e7a de mesmo tamanho no projeto.<\/span><br><span style=\"color: rgb(51,66,85);background-color: var(--ast-global-color-5);font-size: 15px;font-family: -apple-system, BlinkMacSystemFont, \"Segoe UI\", Roboto, Oxygen-Sans, Ubuntu, Cantarell, \"Helvetica Neue\", sans-serif;\">Fitas ou acabamentos nas bordas.<\/span><br><span style=\"color: rgb(51,66,85);background-color: var(--ast-global-color-5);font-size: 15px;font-family: -apple-system, BlinkMacSystemFont, \"Segoe UI\", Roboto, Oxygen-Sans, Ubuntu, Cantarell, \"Helvetica Neue\", sans-serif;\">Indica\u00e7\u00e3o do sentido da textura nas pe\u00e7as.<\/span><br><span style=\"color: rgb(51,66,85);background-color: var(--ast-global-color-5);font-size: 15px;font-family: -apple-system, BlinkMacSystemFont, \"Segoe UI\", Roboto, Oxygen-Sans, Ubuntu, Cantarell, \"Helvetica Neue\", sans-serif;\">Agrupamento de pe\u00e7as iguais pela mesma cor.<\/span><br><span style=\"color: rgb(51,66,85);background-color: var(--ast-global-color-5);font-size: 15px;font-family: -apple-system, BlinkMacSystemFont, \"Segoe UI\", Roboto, Oxygen-Sans, Ubuntu, Cantarell, \"Helvetica Neue\", sans-serif;\">Outros<\/span><br><span style=\"color: rgb(51,66,85);background-color: var(--ast-global-color-5);font-size: 15px;font-family: -apple-system, BlinkMacSystemFont, \"Segoe UI\", Roboto, Oxygen-Sans, Ubuntu, Cantarell, \"Helvetica Neue\", sans-serif;\">Relat\u00f3rios estat\u00edsticos complementares enriquecem ainda mais as informa\u00e7\u00f5es. Exemplos:<\/span><\/p>\n<p style=\"margin-left:0px;\"><span style=\"color: rgb(51,66,85);background-color: var(--ast-global-color-5);font-size: 15px;font-family: -apple-system, BlinkMacSystemFont, \"Segoe UI\", Roboto, Oxygen-Sans, Ubuntu, Cantarell, \"Helvetica Neue\", sans-serif;\">Peso das pe\u00e7as ou de cada projeto (para c\u00e1lculo de frete).<\/span><br><span style=\"color: rgb(51,66,85);background-color: var(--ast-global-color-5);font-size: 15px;font-family: -apple-system, BlinkMacSystemFont, \"Segoe UI\", Roboto, Oxygen-Sans, Ubuntu, Cantarell, \"Helvetica Neue\", sans-serif;\">Pre\u00e7os de diversas formas.<\/span><br><span style=\"color: rgb(51,66,85);background-color: var(--ast-global-color-5);font-size: 15px;font-family: -apple-system, BlinkMacSystemFont, \"Segoe UI\", Roboto, Oxygen-Sans, Ubuntu, Cantarell, \"Helvetica Neue\", sans-serif;\">Aproveitamento (de diversas formas)<\/span><br><span style=\"color: rgb(51,66,85);background-color: var(--ast-global-color-5);font-size: 15px;font-family: -apple-system, BlinkMacSystemFont, \"Segoe UI\", Roboto, Oxygen-Sans, Ubuntu, Cantarell, \"Helvetica Neue\", sans-serif;\">Volume (m3)<\/span><br><span style=\"color: rgb(51,66,85);background-color: var(--ast-global-color-5);font-size: 15px;font-family: -apple-system, BlinkMacSystemFont, \"Segoe UI\", Roboto, Oxygen-Sans, Ubuntu, Cantarell, \"Helvetica Neue\", sans-serif;\">Per\u00edmetro<\/span><br><span style=\"color: rgb(51,66,85);background-color: var(--ast-global-color-5);font-size: 15px;font-family: -apple-system, BlinkMacSystemFont, \"Segoe UI\", Roboto, Oxygen-Sans, Ubuntu, Cantarell, \"Helvetica Neue\", sans-serif;\">Outros<\/span><br><span style=\"color: rgb(51,66,85);background-color: var(--ast-global-color-5);font-size: 15px;font-family: -apple-system, BlinkMacSystemFont, \"Segoe UI\", Roboto, Oxygen-Sans, Ubuntu, Cantarell, \"Helvetica Neue\", sans-serif;\">Para ter uma ideia do requinte dessas informa\u00e7\u00f5es: \u00e9 poss\u00edvel at\u00e9 saber, antes de cortar o material (placas de madeira, no exemplo) quanto ser\u00e1 gerado de p\u00f3 de serra!<\/span><\/p>\n<p style=\"margin-left:0px;\"><span style=\"color: rgb(51,66,85);background-color: var(--ast-global-color-5);font-size: 15px;font-family: -apple-system, BlinkMacSystemFont, \"Segoe UI\", Roboto, Oxygen-Sans, Ubuntu, Cantarell, \"Helvetica Neue\", sans-serif;\">\u00c9 preciso observar que nem sempre o n\u00famero de esquemas de corte equivale ao n\u00famero de chapas. Essa \u00e9 uma confus\u00e3o muito comum: o usu\u00e1rio conta no Menu de Miniaturas 10 esquemas e acha que vai usar 10 chapas. \u00c0s vezes n\u00e3o h\u00e1 essa equival\u00eancia porque o Corte Certo procura empilhar chapas, ou seja, fazer com que mais chapas sejam cortadas da mesma forma. No pr\u00f3prio Menu de Miniaturas ou no plano de corte impresso, entre outros lugares, h\u00e1 indica\u00e7\u00f5es claras da quantidade de chapas que deve ser cortada com aquele mesmo desenho, como mostra a figura abaixo.<\/span><\/p>\n<p style=\"margin-left:0px;\"><\/p>\n<img src=\"https:\/\/cortecerto.com\/wp-content\/uploads\/2015\/01\/plano-de-corte-3.jpg\" alt=\"plano de corte 3\" style=\"height: auto;width: \"\/>\n<p style=\"margin-left:0px;\"><span style=\"color: rgb(51,66,85);background-color: var(--ast-global-color-5);font-size: 15px;font-family: -apple-system, BlinkMacSystemFont, \"Segoe UI\", Roboto, Oxygen-Sans, Ubuntu, Cantarell, \"Helvetica Neue\", sans-serif;\">Plano de corte pode referir-se a uma unidade de um conjunto de planos (como est\u00e1 no exemplo acima: plano 1 de 27), como pode referir-se tamb\u00e9m a todo o conjunto, ou seja, o projeto inteiro. Para minimizar essa pequena confus\u00e3o h\u00e1 quem prefira usar outros nomes para essas unidades, tais como:\u00a0esquema de corte, mapa de corte, diagrama ou layout.<\/span><\/p>\n<p style=\"margin-left:0px;\"><span style=\"color: rgb(51,66,85);background-color: var(--ast-global-color-5);font-size: 15px;font-family: -apple-system, BlinkMacSystemFont, \"Segoe UI\", Roboto, Oxygen-Sans, Ubuntu, Cantarell, \"Helvetica Neue\", sans-serif;\">Os planos de corte podem considerar v\u00e1rios materiais, como papel, papel\u00e3o, vidro, madeira, inox, compostos met\u00e1licos (ACM), acr\u00edlico, m\u00e1rmore, granito, isopor, corti\u00e7a, espuma, revestimentos em geral, tecidos, couros, porcelanato, alum\u00ednio, a\u00e7o, etc. Os materiais podem tamb\u00e9m vir acondicionados em chapas, barras, bobinas, etc.<\/span><\/p>\n<p style=\"margin-left:0px;\"><span style=\"color: rgb(51,66,85);background-color: var(--ast-global-color-5);font-size: 15px;font-family: -apple-system, BlinkMacSystemFont, \"Segoe UI\", Roboto, Oxygen-Sans, Ubuntu, Cantarell, \"Helvetica Neue\", sans-serif;\">Os dois tipos de corte tamb\u00e9m se aplicam \u00e0s bobinas, que podem demandar opcionalmente planos para cortes longitudinais.<\/span><\/p>\n<p style=\"margin-left:0px;\"><\/p>\n<img src=\"https:\/\/cortecerto.com\/wp-content\/uploads\/2015\/01\/plano-de-corte-4.png\" alt=\"plano de corte 4\" style=\"height: auto;width: \"\/>\n<p style=\"margin-left:0px;\"><\/p>\n<img src=\"https:\/\/cortecerto.com\/wp-content\/uploads\/2015\/01\/plano-de-corte-5.jpg\" alt=\"plano de corte 5\" style=\"height: auto;width: \"\/>\n<p style=\"margin-left:0px;\"><span style=\"color: rgb(51,66,85);background-color: var(--ast-global-color-5);font-size: 15px;font-family: -apple-system, BlinkMacSystemFont, \"Segoe UI\", Roboto, Oxygen-Sans, Ubuntu, Cantarell, \"Helvetica Neue\", sans-serif;\">Para materiais lineares, nem sempre os planos gr\u00e1ficos s\u00e3o necess\u00e1rios, bastando refer\u00eancias num\u00e9ricas dos pontos de corte, como mostra o exemplo abaixo:<\/span><\/p>\n<p style=\"margin-left:0px;\"><span style=\"color: rgb(51,66,85);background-color: var(--ast-global-color-5);font-size: 15px;font-family: -apple-system, BlinkMacSystemFont, \"Segoe UI\", Roboto, Oxygen-Sans, Ubuntu, Cantarell, \"Helvetica Neue\", sans-serif;\">Barra utilizada: 30 x 2144 mm<\/span><\/p>\n<p style=\"margin-left:0px;\"><span style=\"color: rgb(51,66,85);background-color: var(--ast-global-color-5);font-size: 15px;font-family: -apple-system, BlinkMacSystemFont, \"Segoe UI\", Roboto, Oxygen-Sans, Ubuntu, Cantarell, \"Helvetica Neue\", sans-serif;\">Sequ\u00eancia de corte: 720 (1) (h) 720 (1) (h) 700 (1) (a)<\/span><\/p>\n<p style=\"margin-left:0px;\"><span style=\"color: rgb(51,66,85);background-color: var(--ast-global-color-5);font-size: 15px;font-family: -apple-system, BlinkMacSystemFont, \"Segoe UI\", Roboto, Oxygen-Sans, Ubuntu, Cantarell, \"Helvetica Neue\", sans-serif;\">Sobra: 4 mm<\/span><\/p>\n<p style=\"margin-left:0px;\"><span style=\"color: rgb(51,66,85);background-color: var(--ast-global-color-5);font-size: 15px;font-family: -apple-system, BlinkMacSystemFont, \"Segoe UI\", Roboto, Oxygen-Sans, Ubuntu, Cantarell, \"Helvetica Neue\", sans-serif;\">Mas a op\u00e7\u00e3o visual tamb\u00e9m existe, como no exemplo realizado pelo Corte Certo:<\/span><\/p>\n<p style=\"margin-left:0px;\"><\/p>\n<img src=\"https:\/\/cortecerto.com\/wp-content\/uploads\/2015\/01\/plano-de-corte-6.jpg\" alt=\"plano de corte 6\" style=\"height: auto;width: \"\/>\n<p style=\"margin-left:auto;\"><\/p>\n<p><\/p>\n<p style=\"margin-left:auto;\"><\/p>\n<p><\/p>\n<p><\/p>\n<p style=\"text-align:left;\"><\/p>\n<p><\/p>\n<h4 style=\"margin-left:0px;\"><\/h4>\n"]},"yoast_head":"<!-- This site is optimized with the Yoast SEO plugin v27.5 - https:\/\/yoast.com\/product\/yoast-seo-wordpress\/ -->\n<title>Plano de Corte archivos - Corte Certo - Software para Otimiza\u00e7\u00e3o de Planos de Corte<\/title>\n<meta name=\"robots\" content=\"index, follow, max-snippet:-1, max-image-preview:large, max-video-preview:-1\" \/>\n<link rel=\"canonical\" href=\"https:\/\/cortecerto.com\/es\/glossary\/plano-de-corte\/\" \/>\n<meta property=\"og:locale\" content=\"es_ES\" \/>\n<meta property=\"og:type\" content=\"article\" \/>\n<meta property=\"og:title\" content=\"Plano de Corte archivos - Corte Certo - Software para Otimiza\u00e7\u00e3o de Planos de Corte\" \/>\n<meta property=\"og:url\" content=\"https:\/\/cortecerto.com\/es\/glossary\/plano-de-corte\/\" \/>\n<meta property=\"og:site_name\" content=\"Corte Certo - Software para Otimiza\u00e7\u00e3o de Planos de Corte\" \/>\n<meta name=\"twitter:card\" content=\"summary_large_image\" \/>\n<script type=\"application\/ld+json\" class=\"yoast-schema-graph\">{\"@context\":\"https:\\\/\\\/schema.org\",\"@graph\":[{\"@type\":\"CollectionPage\",\"@id\":\"https:\\\/\\\/cortecerto.com\\\/es\\\/glossary\\\/plano-de-corte\\\/\",\"url\":\"https:\\\/\\\/cortecerto.com\\\/es\\\/glossary\\\/plano-de-corte\\\/\",\"name\":\"Plano de Corte archivos - Corte Certo - Software para Otimiza\u00e7\u00e3o de Planos de Corte\",\"isPartOf\":{\"@id\":\"https:\\\/\\\/cortecerto.com\\\/es\\\/#website\"},\"breadcrumb\":{\"@id\":\"https:\\\/\\\/cortecerto.com\\\/es\\\/glossary\\\/plano-de-corte\\\/#breadcrumb\"},\"inLanguage\":\"es\"},{\"@type\":\"BreadcrumbList\",\"@id\":\"https:\\\/\\\/cortecerto.com\\\/es\\\/glossary\\\/plano-de-corte\\\/#breadcrumb\",\"itemListElement\":[{\"@type\":\"ListItem\",\"position\":1,\"name\":\"In\u00edcio\",\"item\":\"https:\\\/\\\/cortecerto.com\\\/es\\\/\"},{\"@type\":\"ListItem\",\"position\":2,\"name\":\"Plano de Corte\"}]},{\"@type\":\"WebSite\",\"@id\":\"https:\\\/\\\/cortecerto.com\\\/es\\\/#website\",\"url\":\"https:\\\/\\\/cortecerto.com\\\/es\\\/\",\"name\":\"Corte Certo - Software para Otimiza\u00e7\u00e3o de Planos de Corte\",\"description\":\"\",\"publisher\":{\"@id\":\"https:\\\/\\\/cortecerto.com\\\/es\\\/#organization\"},\"potentialAction\":[{\"@type\":\"SearchAction\",\"target\":{\"@type\":\"EntryPoint\",\"urlTemplate\":\"https:\\\/\\\/cortecerto.com\\\/es\\\/?s={search_term_string}\"},\"query-input\":{\"@type\":\"PropertyValueSpecification\",\"valueRequired\":true,\"valueName\":\"search_term_string\"}}],\"inLanguage\":\"es\"},{\"@type\":\"Organization\",\"@id\":\"https:\\\/\\\/cortecerto.com\\\/es\\\/#organization\",\"name\":\"Corte Certo - Software para Otimiza\u00e7\u00e3o de Planos de Corte\",\"url\":\"https:\\\/\\\/cortecerto.com\\\/es\\\/\",\"logo\":{\"@type\":\"ImageObject\",\"inLanguage\":\"es\",\"@id\":\"https:\\\/\\\/cortecerto.com\\\/es\\\/#\\\/schema\\\/logo\\\/image\\\/\",\"url\":\"https:\\\/\\\/cortecerto.com\\\/wp-content\\\/uploads\\\/2022\\\/10\\\/logo-corte-certo-branco.png\",\"contentUrl\":\"https:\\\/\\\/cortecerto.com\\\/wp-content\\\/uploads\\\/2022\\\/10\\\/logo-corte-certo-branco.png\",\"width\":2560,\"height\":293,\"caption\":\"Corte Certo - Software para Otimiza\u00e7\u00e3o de Planos de Corte\"},\"image\":{\"@id\":\"https:\\\/\\\/cortecerto.com\\\/es\\\/#\\\/schema\\\/logo\\\/image\\\/\"}}]}<\/script>\n<!-- \/ Yoast SEO plugin. -->","yoast_head_json":{"title":"Plano de Corte archivos - Corte Certo - Software para Otimiza\u00e7\u00e3o de Planos de Corte","robots":{"index":"index","follow":"follow","max-snippet":"max-snippet:-1","max-image-preview":"max-image-preview:large","max-video-preview":"max-video-preview:-1"},"canonical":"https:\/\/cortecerto.com\/es\/glossary\/plano-de-corte\/","og_locale":"es_ES","og_type":"article","og_title":"Plano de Corte archivos - Corte Certo - Software para Otimiza\u00e7\u00e3o de Planos de Corte","og_url":"https:\/\/cortecerto.com\/es\/glossary\/plano-de-corte\/","og_site_name":"Corte Certo - Software para Otimiza\u00e7\u00e3o de Planos de Corte","twitter_card":"summary_large_image","schema":{"@context":"https:\/\/schema.org","@graph":[{"@type":"CollectionPage","@id":"https:\/\/cortecerto.com\/es\/glossary\/plano-de-corte\/","url":"https:\/\/cortecerto.com\/es\/glossary\/plano-de-corte\/","name":"Plano de Corte archivos - Corte Certo - Software para Otimiza\u00e7\u00e3o de Planos de Corte","isPartOf":{"@id":"https:\/\/cortecerto.com\/es\/#website"},"breadcrumb":{"@id":"https:\/\/cortecerto.com\/es\/glossary\/plano-de-corte\/#breadcrumb"},"inLanguage":"es"},{"@type":"BreadcrumbList","@id":"https:\/\/cortecerto.com\/es\/glossary\/plano-de-corte\/#breadcrumb","itemListElement":[{"@type":"ListItem","position":1,"name":"In\u00edcio","item":"https:\/\/cortecerto.com\/es\/"},{"@type":"ListItem","position":2,"name":"Plano de Corte"}]},{"@type":"WebSite","@id":"https:\/\/cortecerto.com\/es\/#website","url":"https:\/\/cortecerto.com\/es\/","name":"Corte Certo - Software para Otimiza\u00e7\u00e3o de Planos de Corte","description":"","publisher":{"@id":"https:\/\/cortecerto.com\/es\/#organization"},"potentialAction":[{"@type":"SearchAction","target":{"@type":"EntryPoint","urlTemplate":"https:\/\/cortecerto.com\/es\/?s={search_term_string}"},"query-input":{"@type":"PropertyValueSpecification","valueRequired":true,"valueName":"search_term_string"}}],"inLanguage":"es"},{"@type":"Organization","@id":"https:\/\/cortecerto.com\/es\/#organization","name":"Corte Certo - Software para Otimiza\u00e7\u00e3o de Planos de Corte","url":"https:\/\/cortecerto.com\/es\/","logo":{"@type":"ImageObject","inLanguage":"es","@id":"https:\/\/cortecerto.com\/es\/#\/schema\/logo\/image\/","url":"https:\/\/cortecerto.com\/wp-content\/uploads\/2022\/10\/logo-corte-certo-branco.png","contentUrl":"https:\/\/cortecerto.com\/wp-content\/uploads\/2022\/10\/logo-corte-certo-branco.png","width":2560,"height":293,"caption":"Corte Certo - Software para Otimiza\u00e7\u00e3o de Planos de Corte"},"image":{"@id":"https:\/\/cortecerto.com\/es\/#\/schema\/logo\/image\/"}}]}},"glossary_term_description":"<p style=\"text-align:start;\"><span style=\"color: rgb(51,66,85);background-color: var(--ast-global-color-5);font-size: 15px;font-family: -apple-system, BlinkMacSystemFont, \"Segoe UI\", Roboto, Oxygen-Sans, Ubuntu, Cantarell, \"Helvetica Neue\", sans-serif;\">No contexto deste gloss\u00e1rio pode-se definir Plano de corte como o conjunto de instru\u00e7\u00f5es ou indica\u00e7\u00f5es para orientar o corte de um material do qual se pretenda tirar pe\u00e7as. Esses planos cont\u00eam instru\u00e7\u00f5es pr\u00e1ticas e precisas para ganho de tempo com o m\u00ednimo de erro, no momento do corte. Essas diretrizes espec\u00edficas para o corte podem ser enviadas diretamente a m\u00e1quinas automatizadas, como seccionadoras, guilhotinas ou m\u00e1quinas de corte CNC, com benef\u00edcios ainda maiores \u00e0 produtividade.<\/span><\/p>\n<p style=\"text-align:justify;\"><span style=\"color: rgb(51,66,85);background-color: var(--ast-global-color-5);font-size: 15px;font-family: -apple-system, BlinkMacSystemFont, \"Segoe UI\", Roboto, Oxygen-Sans, Ubuntu, Cantarell, \"Helvetica Neue\", sans-serif;\">Embora a palavra plano contenha tamb\u00e9m as acep\u00e7\u00f5es de esquema, desenho, mapa, rascunho, etc... essas informa\u00e7\u00f5es podem ser apresentadas atrav\u00e9s de linhas de c\u00f3digo. Quando t\u00eam o apoio de representa\u00e7\u00f5es gr\u00e1ficas, podem ter nomes mais esclarecedores como esquema de corte, mapa de corte, diagrama ou layout. As imagens explicam melhor:<\/span><\/p>\n<p style=\"margin-left:0px;\"><\/p>\n<img src=\"https:\/\/cortecerto.com\/wp-content\/uploads\/2015\/01\/plano-de-corte-1-1024x794.png\" alt=\"plano de corte 1\" style=\"height: auto;width: \"\/>\n<p style=\"margin-left:0px;\"><span style=\"color: rgb(51,66,85);background-color: var(--ast-global-color-5);font-size: 15px;font-family: -apple-system, BlinkMacSystemFont, \"Segoe UI\", Roboto, Oxygen-Sans, Ubuntu, Cantarell, \"Helvetica Neue\", sans-serif;\">Se for para estabelecer uma rela\u00e7\u00e3o com planejamento, podemos dizer que esta \u00e9 a fase em que se determinam as limita\u00e7\u00f5es ao c\u00e1lculo, tais como, se o sentido do veio dever\u00e1 ser mantido, se haver\u00e1 ou n\u00e3o desgaste adicional nas bordas das pe\u00e7as ap\u00f3s o corte, se a espessura do instrumento de corte consumir\u00e1 parte do material, etc...<\/span><\/p>\n<p style=\"margin-left:0px;\"><span style=\"color: rgb(51,66,85);background-color: var(--ast-global-color-5);font-size: 15px;font-family: -apple-system, BlinkMacSystemFont, \"Segoe UI\", Roboto, Oxygen-Sans, Ubuntu, Cantarell, \"Helvetica Neue\", sans-serif;\">Naturalmente, h\u00e1 planos de corte mais simples e outros de grande complexidade. Mais limita\u00e7\u00f5es configuradas, em geral, implicam em maior complexidade.<\/span><\/p>\n<p style=\"margin-left:0px;\"><span style=\"color: rgb(51,66,85);background-color: var(--ast-global-color-5);font-size: 15px;font-family: -apple-system, BlinkMacSystemFont, \"Segoe UI\", Roboto, Oxygen-Sans, Ubuntu, Cantarell, \"Helvetica Neue\", sans-serif;\">Nos casos de complexidade zero, o plano nem chega a existir. Exemplo \u00e9 o vidraceiro que corta de um lado qualquer da chapa o vidro que precisa para um porta-retratos. Ou o marceneiro que usa uma sobra qualquer para repor uma pe\u00e7a danificada. Mas h\u00e1 casos de extrema simplicidade que prevaleceram (e que ainda sobrevivem!) nos tempos que antecederam os softwares e que s\u00e3o leg\u00edtimos planos de corte. Como fazer, por exemplo, para cortar mil pe\u00e7as retangulares de tamanhos variados? N\u00e3o havia outro jeito: o plano de corte ia sendo produzido um a um, a m\u00e3o, a partir do tamanho da chapa e, geralmente, esgotando cada quantidade de um tamanho de pe\u00e7a, antes de come\u00e7ar a encaixar as outras pe\u00e7as. Nos prim\u00f3rdios dos softwares, esse trabalho p\u00f4de ser automatizado para os operadores m\u00e1quinas de corte, que passaram a usar coordenadas x-y para produzir mais rapidamente em tela, e com maior precis\u00e3o, os seus planos de corte.<\/span><\/p>\n<p style=\"margin-left:0px;\"><span style=\"color: rgb(51,66,85);background-color: var(--ast-global-color-5);font-size: 15px;font-family: -apple-system, BlinkMacSystemFont, \"Segoe UI\", Roboto, Oxygen-Sans, Ubuntu, Cantarell, \"Helvetica Neue\", sans-serif;\">Nos dias de hoje, os planos de corte gerados pelo Corte Certo come\u00e7am por antecipar uma informa\u00e7\u00e3o mais que preciosa para a \u00e1rea de Or\u00e7amentos e de Compras: o n\u00famero de chapas necess\u00e1rias para atender ao pedido. Indo al\u00e9m do processo do corte, pode indicar acabamentos nas bordas, como o fitamento, na ind\u00fastria moveleira, ou o trabalho de bisot\u00ea, na de vidro \u2013 entre outros.<\/span><\/p>\n<p style=\"margin-left:0px;\"><span style=\"color: rgb(51,66,85);background-color: var(--ast-global-color-5);font-size: 15px;font-family: -apple-system, BlinkMacSystemFont, \"Segoe UI\", Roboto, Oxygen-Sans, Ubuntu, Cantarell, \"Helvetica Neue\", sans-serif;\">Informa\u00e7\u00f5es mais comuns presentes em um plano de corte para chapas:<\/span><\/p>\n<p style=\"margin-left:0px;\"><span style=\"color: rgb(51,66,85);background-color: var(--ast-global-color-5);font-size: 15px;font-family: -apple-system, BlinkMacSystemFont, \"Segoe UI\", Roboto, Oxygen-Sans, Ubuntu, Cantarell, \"Helvetica Neue\", sans-serif;\">Material a ser cortado<\/span><br><span style=\"color: rgb(51,66,85);background-color: var(--ast-global-color-5);font-size: 15px;font-family: -apple-system, BlinkMacSystemFont, \"Segoe UI\", Roboto, Oxygen-Sans, Ubuntu, Cantarell, \"Helvetica Neue\", sans-serif;\">Vis\u00e3o geral com todos os esquemas de corte do plano<\/span><br><span style=\"color: rgb(51,66,85);background-color: var(--ast-global-color-5);font-size: 15px;font-family: -apple-system, BlinkMacSystemFont, \"Segoe UI\", Roboto, Oxygen-Sans, Ubuntu, Cantarell, \"Helvetica Neue\", sans-serif;\">N\u00famero de repeti\u00e7\u00f5es do mesmo esquema<\/span><br><span style=\"color: rgb(51,66,85);background-color: var(--ast-global-color-5);font-size: 15px;font-family: -apple-system, BlinkMacSystemFont, \"Segoe UI\", Roboto, Oxygen-Sans, Ubuntu, Cantarell, \"Helvetica Neue\", sans-serif;\">Posi\u00e7\u00e3o e identifica\u00e7\u00e3o de cada pe\u00e7a encaixada<\/span><br><span style=\"color: rgb(51,66,85);background-color: var(--ast-global-color-5);font-size: 15px;font-family: -apple-system, BlinkMacSystemFont, \"Segoe UI\", Roboto, Oxygen-Sans, Ubuntu, Cantarell, \"Helvetica Neue\", sans-serif;\">Dimens\u00f5es das chapas e das pe\u00e7as<\/span><br><span style=\"color: rgb(51,66,85);background-color: var(--ast-global-color-5);font-size: 15px;font-family: -apple-system, BlinkMacSystemFont, \"Segoe UI\", Roboto, Oxygen-Sans, Ubuntu, Cantarell, \"Helvetica Neue\", sans-serif;\">Retalhos com dimens\u00f5es<\/span><br><span style=\"color: rgb(51,66,85);background-color: var(--ast-global-color-5);font-size: 15px;font-family: -apple-system, BlinkMacSystemFont, \"Segoe UI\", Roboto, Oxygen-Sans, Ubuntu, Cantarell, \"Helvetica Neue\", sans-serif;\">Sobras com dimens\u00f5es<\/span><br><span style=\"color: rgb(51,66,85);background-color: var(--ast-global-color-5);font-size: 15px;font-family: -apple-system, BlinkMacSystemFont, \"Segoe UI\", Roboto, Oxygen-Sans, Ubuntu, Cantarell, \"Helvetica Neue\", sans-serif;\">Pe\u00e7as extras com dimens\u00f5es<\/span><br><span style=\"color: rgb(51,66,85);background-color: var(--ast-global-color-5);font-size: 15px;font-family: -apple-system, BlinkMacSystemFont, \"Segoe UI\", Roboto, Oxygen-Sans, Ubuntu, Cantarell, \"Helvetica Neue\", sans-serif;\">Ordem dos cortes<\/span><\/p>\n<p style=\"margin-left:0px;\"><\/p>\n<img src=\"https:\/\/cortecerto.com\/wp-content\/uploads\/2015\/01\/plano-de-corte-2.jpg\" alt=\"plano de corte 2\" style=\"height: auto;width: \"\/>\n<p style=\"margin-left:0px;\"><span style=\"color: rgb(51,66,85);background-color: var(--ast-global-color-5);font-size: 15px;font-family: -apple-system, BlinkMacSystemFont, \"Segoe UI\", Roboto, Oxygen-Sans, Ubuntu, Cantarell, \"Helvetica Neue\", sans-serif;\">Principais componentes de um plano de corte produzido para chapas.<\/span><br><span style=\"color: rgb(51,66,85);background-color: var(--ast-global-color-5);font-size: 15px;font-family: -apple-system, BlinkMacSystemFont, \"Segoe UI\", Roboto, Oxygen-Sans, Ubuntu, Cantarell, \"Helvetica Neue\", sans-serif;\">O Corte Certo pode ser configurado para mostrar mais, em tela. Alguns exemplos:<\/span><\/p>\n<p style=\"margin-left:0px;\"><span style=\"color: rgb(51,66,85);background-color: var(--ast-global-color-5);font-size: 15px;font-family: -apple-system, BlinkMacSystemFont, \"Segoe UI\", Roboto, Oxygen-Sans, Ubuntu, Cantarell, \"Helvetica Neue\", sans-serif;\">Diferentes formas de descri\u00e7\u00e3o para as pe\u00e7as ou retalhos.<\/span><br><span style=\"color: rgb(51,66,85);background-color: var(--ast-global-color-5);font-size: 15px;font-family: -apple-system, BlinkMacSystemFont, \"Segoe UI\", Roboto, Oxygen-Sans, Ubuntu, Cantarell, \"Helvetica Neue\", sans-serif;\">Sinaliza\u00e7\u00e3o de pe\u00e7as muito pequenas.<\/span><br><span style=\"color: rgb(51,66,85);background-color: var(--ast-global-color-5);font-size: 15px;font-family: -apple-system, BlinkMacSystemFont, \"Segoe UI\", Roboto, Oxygen-Sans, Ubuntu, Cantarell, \"Helvetica Neue\", sans-serif;\">Sinaliza\u00e7\u00e3o da \u00faltima pe\u00e7a de mesmo tamanho no projeto.<\/span><br><span style=\"color: rgb(51,66,85);background-color: var(--ast-global-color-5);font-size: 15px;font-family: -apple-system, BlinkMacSystemFont, \"Segoe UI\", Roboto, Oxygen-Sans, Ubuntu, Cantarell, \"Helvetica Neue\", sans-serif;\">Fitas ou acabamentos nas bordas.<\/span><br><span style=\"color: rgb(51,66,85);background-color: var(--ast-global-color-5);font-size: 15px;font-family: -apple-system, BlinkMacSystemFont, \"Segoe UI\", Roboto, Oxygen-Sans, Ubuntu, Cantarell, \"Helvetica Neue\", sans-serif;\">Indica\u00e7\u00e3o do sentido da textura nas pe\u00e7as.<\/span><br><span style=\"color: rgb(51,66,85);background-color: var(--ast-global-color-5);font-size: 15px;font-family: -apple-system, BlinkMacSystemFont, \"Segoe UI\", Roboto, Oxygen-Sans, Ubuntu, Cantarell, \"Helvetica Neue\", sans-serif;\">Agrupamento de pe\u00e7as iguais pela mesma cor.<\/span><br><span style=\"color: rgb(51,66,85);background-color: var(--ast-global-color-5);font-size: 15px;font-family: -apple-system, BlinkMacSystemFont, \"Segoe UI\", Roboto, Oxygen-Sans, Ubuntu, Cantarell, \"Helvetica Neue\", sans-serif;\">Outros<\/span><br><span style=\"color: rgb(51,66,85);background-color: var(--ast-global-color-5);font-size: 15px;font-family: -apple-system, BlinkMacSystemFont, \"Segoe UI\", Roboto, Oxygen-Sans, Ubuntu, Cantarell, \"Helvetica Neue\", sans-serif;\">Relat\u00f3rios estat\u00edsticos complementares enriquecem ainda mais as informa\u00e7\u00f5es. Exemplos:<\/span><\/p>\n<p style=\"margin-left:0px;\"><span style=\"color: rgb(51,66,85);background-color: var(--ast-global-color-5);font-size: 15px;font-family: -apple-system, BlinkMacSystemFont, \"Segoe UI\", Roboto, Oxygen-Sans, Ubuntu, Cantarell, \"Helvetica Neue\", sans-serif;\">Peso das pe\u00e7as ou de cada projeto (para c\u00e1lculo de frete).<\/span><br><span style=\"color: rgb(51,66,85);background-color: var(--ast-global-color-5);font-size: 15px;font-family: -apple-system, BlinkMacSystemFont, \"Segoe UI\", Roboto, Oxygen-Sans, Ubuntu, Cantarell, \"Helvetica Neue\", sans-serif;\">Pre\u00e7os de diversas formas.<\/span><br><span style=\"color: rgb(51,66,85);background-color: var(--ast-global-color-5);font-size: 15px;font-family: -apple-system, BlinkMacSystemFont, \"Segoe UI\", Roboto, Oxygen-Sans, Ubuntu, Cantarell, \"Helvetica Neue\", sans-serif;\">Aproveitamento (de diversas formas)<\/span><br><span style=\"color: rgb(51,66,85);background-color: var(--ast-global-color-5);font-size: 15px;font-family: -apple-system, BlinkMacSystemFont, \"Segoe UI\", Roboto, Oxygen-Sans, Ubuntu, Cantarell, \"Helvetica Neue\", sans-serif;\">Volume (m3)<\/span><br><span style=\"color: rgb(51,66,85);background-color: var(--ast-global-color-5);font-size: 15px;font-family: -apple-system, BlinkMacSystemFont, \"Segoe UI\", Roboto, Oxygen-Sans, Ubuntu, Cantarell, \"Helvetica Neue\", sans-serif;\">Per\u00edmetro<\/span><br><span style=\"color: rgb(51,66,85);background-color: var(--ast-global-color-5);font-size: 15px;font-family: -apple-system, BlinkMacSystemFont, \"Segoe UI\", Roboto, Oxygen-Sans, Ubuntu, Cantarell, \"Helvetica Neue\", sans-serif;\">Outros<\/span><br><span style=\"color: rgb(51,66,85);background-color: var(--ast-global-color-5);font-size: 15px;font-family: -apple-system, BlinkMacSystemFont, \"Segoe UI\", Roboto, Oxygen-Sans, Ubuntu, Cantarell, \"Helvetica Neue\", sans-serif;\">Para ter uma ideia do requinte dessas informa\u00e7\u00f5es: \u00e9 poss\u00edvel at\u00e9 saber, antes de cortar o material (placas de madeira, no exemplo) quanto ser\u00e1 gerado de p\u00f3 de serra!<\/span><\/p>\n<p style=\"margin-left:0px;\"><span style=\"color: rgb(51,66,85);background-color: var(--ast-global-color-5);font-size: 15px;font-family: -apple-system, BlinkMacSystemFont, \"Segoe UI\", Roboto, Oxygen-Sans, Ubuntu, Cantarell, \"Helvetica Neue\", sans-serif;\">\u00c9 preciso observar que nem sempre o n\u00famero de esquemas de corte equivale ao n\u00famero de chapas. Essa \u00e9 uma confus\u00e3o muito comum: o usu\u00e1rio conta no Menu de Miniaturas 10 esquemas e acha que vai usar 10 chapas. \u00c0s vezes n\u00e3o h\u00e1 essa equival\u00eancia porque o Corte Certo procura empilhar chapas, ou seja, fazer com que mais chapas sejam cortadas da mesma forma. No pr\u00f3prio Menu de Miniaturas ou no plano de corte impresso, entre outros lugares, h\u00e1 indica\u00e7\u00f5es claras da quantidade de chapas que deve ser cortada com aquele mesmo desenho, como mostra a figura abaixo.<\/span><\/p>\n<p style=\"margin-left:0px;\"><\/p>\n<img src=\"https:\/\/cortecerto.com\/wp-content\/uploads\/2015\/01\/plano-de-corte-3.jpg\" alt=\"plano de corte 3\" style=\"height: auto;width: \"\/>\n<p style=\"margin-left:0px;\"><span style=\"color: rgb(51,66,85);background-color: var(--ast-global-color-5);font-size: 15px;font-family: -apple-system, BlinkMacSystemFont, \"Segoe UI\", Roboto, Oxygen-Sans, Ubuntu, Cantarell, \"Helvetica Neue\", sans-serif;\">Plano de corte pode referir-se a uma unidade de um conjunto de planos (como est\u00e1 no exemplo acima: plano 1 de 27), como pode referir-se tamb\u00e9m a todo o conjunto, ou seja, o projeto inteiro. Para minimizar essa pequena confus\u00e3o h\u00e1 quem prefira usar outros nomes para essas unidades, tais como:\u00a0esquema de corte, mapa de corte, diagrama ou layout.<\/span><\/p>\n<p style=\"margin-left:0px;\"><span style=\"color: rgb(51,66,85);background-color: var(--ast-global-color-5);font-size: 15px;font-family: -apple-system, BlinkMacSystemFont, \"Segoe UI\", Roboto, Oxygen-Sans, Ubuntu, Cantarell, \"Helvetica Neue\", sans-serif;\">Os planos de corte podem considerar v\u00e1rios materiais, como papel, papel\u00e3o, vidro, madeira, inox, compostos met\u00e1licos (ACM), acr\u00edlico, m\u00e1rmore, granito, isopor, corti\u00e7a, espuma, revestimentos em geral, tecidos, couros, porcelanato, alum\u00ednio, a\u00e7o, etc. Os materiais podem tamb\u00e9m vir acondicionados em chapas, barras, bobinas, etc.<\/span><\/p>\n<p style=\"margin-left:0px;\"><span style=\"color: rgb(51,66,85);background-color: var(--ast-global-color-5);font-size: 15px;font-family: -apple-system, BlinkMacSystemFont, \"Segoe UI\", Roboto, Oxygen-Sans, Ubuntu, Cantarell, \"Helvetica Neue\", sans-serif;\">Os dois tipos de corte tamb\u00e9m se aplicam \u00e0s bobinas, que podem demandar opcionalmente planos para cortes longitudinais.<\/span><\/p>\n<p style=\"margin-left:0px;\"><\/p>\n<img src=\"https:\/\/cortecerto.com\/wp-content\/uploads\/2015\/01\/plano-de-corte-4.png\" alt=\"plano de corte 4\" style=\"height: auto;width: \"\/>\n<p style=\"margin-left:0px;\"><\/p>\n<img src=\"https:\/\/cortecerto.com\/wp-content\/uploads\/2015\/01\/plano-de-corte-5.jpg\" alt=\"plano de corte 5\" style=\"height: auto;width: \"\/>\n<p style=\"margin-left:0px;\"><span style=\"color: rgb(51,66,85);background-color: var(--ast-global-color-5);font-size: 15px;font-family: -apple-system, BlinkMacSystemFont, \"Segoe UI\", Roboto, Oxygen-Sans, Ubuntu, Cantarell, \"Helvetica Neue\", sans-serif;\">Para materiais lineares, nem sempre os planos gr\u00e1ficos s\u00e3o necess\u00e1rios, bastando refer\u00eancias num\u00e9ricas dos pontos de corte, como mostra o exemplo abaixo:<\/span><\/p>\n<p style=\"margin-left:0px;\"><span style=\"color: rgb(51,66,85);background-color: var(--ast-global-color-5);font-size: 15px;font-family: -apple-system, BlinkMacSystemFont, \"Segoe UI\", Roboto, Oxygen-Sans, Ubuntu, Cantarell, \"Helvetica Neue\", sans-serif;\">Barra utilizada: 30 x 2144 mm<\/span><\/p>\n<p style=\"margin-left:0px;\"><span style=\"color: rgb(51,66,85);background-color: var(--ast-global-color-5);font-size: 15px;font-family: -apple-system, BlinkMacSystemFont, \"Segoe UI\", Roboto, Oxygen-Sans, Ubuntu, Cantarell, \"Helvetica Neue\", sans-serif;\">Sequ\u00eancia de corte: 720 (1) (h) 720 (1) (h) 700 (1) (a)<\/span><\/p>\n<p style=\"margin-left:0px;\"><span style=\"color: rgb(51,66,85);background-color: var(--ast-global-color-5);font-size: 15px;font-family: -apple-system, BlinkMacSystemFont, \"Segoe UI\", Roboto, Oxygen-Sans, Ubuntu, Cantarell, \"Helvetica Neue\", sans-serif;\">Sobra: 4 mm<\/span><\/p>\n<p style=\"margin-left:0px;\"><span style=\"color: rgb(51,66,85);background-color: var(--ast-global-color-5);font-size: 15px;font-family: -apple-system, BlinkMacSystemFont, \"Segoe UI\", Roboto, Oxygen-Sans, Ubuntu, Cantarell, \"Helvetica Neue\", sans-serif;\">Mas a op\u00e7\u00e3o visual tamb\u00e9m existe, como no exemplo realizado pelo Corte Certo:<\/span><\/p>\n<p style=\"margin-left:0px;\"><\/p>\n<img src=\"https:\/\/cortecerto.com\/wp-content\/uploads\/2015\/01\/plano-de-corte-6.jpg\" alt=\"plano de corte 6\" style=\"height: auto;width: \"\/>\n<p style=\"margin-left:auto;\"><\/p>\n<p><\/p>\n<p style=\"margin-left:auto;\"><\/p>\n<p><\/p>\n<p><\/p>\n<p style=\"text-align:left;\"><\/p>\n<p><\/p>\n<h4 style=\"margin-left:0px;\"><\/h4>\n","_links":{"self":[{"href":"https:\/\/cortecerto.com\/es\/wp-json\/wp\/v2\/glossaries\/206","targetHints":{"allow":["GET"]}}],"collection":[{"href":"https:\/\/cortecerto.com\/es\/wp-json\/wp\/v2\/glossaries"}],"about":[{"href":"https:\/\/cortecerto.com\/es\/wp-json\/wp\/v2\/taxonomies\/glossaries"}],"wp:post_type":[{"href":"https:\/\/cortecerto.com\/es\/wp-json\/wp\/v2\/docs?glossaries=206"}],"curies":[{"name":"wp","href":"https:\/\/api.w.org\/{rel}","templated":true}]}}