{"id":203,"count":0,"description":"","link":"https:\/\/cortecerto.com\/es\/glossary\/padroes-de-corte\/","name":"Padr\u00f5es de corte","slug":"padroes-de-corte","taxonomy":"glossaries","parent":0,"meta":{"status":["1"],"order":["0"],"glossary_term_description":["<p style=\"text-align:start;\"><span style=\"color: rgb(51,66,85);background-color: rgb(252,252,252);font-size: 15px;font-family: -apple-system, BlinkMacSystemFont, \"Segoe UI\", Roboto, Oxygen-Sans, Ubuntu, Cantarell, \"Helvetica Neue\", sans-serif;\">A multiplicidade de restri\u00e7\u00f5es e\u00a0requerimentos para o plano de corte bidimensional pode gerar igualmente uma infinidade de esquemas de corte diferentes para o mesmo pedido. Algumas dessas restri\u00e7\u00f5es\/requerimentos s\u00e3o: espessura de serra, esquadrejamento da chapa, sentido do veio\/ranhura do material, sequ\u00eancia de cortes, determina\u00e7\u00e3o de fases de corte, arranjos mistos, prefer\u00eancia pelo corte inicial (horizontal ou vertical) etc. Um estoque com chapas de dimens\u00f5es muito variadas, como a inclus\u00e3o de retalhos, e\/ou um projeto com grande variedade de pe\u00e7as, evidentemente, aumentar\u00e1 a complexidade do problema e poder\u00e1 gerar planos de cortes inesperados \u2013 mas esse resultado, em si, n\u00e3o constitui um<\/span> <span style=\"color: rgb(51,66,85);background-color: rgb(252,252,252);font-size: 15px;font-family: -apple-system, BlinkMacSystemFont, \"Segoe UI\", Roboto, Oxygen-Sans, Ubuntu, Cantarell, \"Helvetica Neue\", sans-serif;\"><em>padr\u00e3o<\/em>.<\/span><\/p>\n<p style=\"text-align:start;\"><span style=\"color: rgb(51,66,85);background-color: rgb(252,252,252);font-size: 15px;font-family: -apple-system, BlinkMacSystemFont, \"Segoe UI\", Roboto, Oxygen-Sans, Ubuntu, Cantarell, \"Helvetica Neue\", sans-serif;\">Como default, todo o plano de corte gerado pelo Corte Certo oferece pelo menos um corte de fora a fora, o que permite transformar um ret\u00e2ngulo maior em dois outros menores. E esses dois outros ret\u00e2ngulos, se necess\u00e1rio, dever\u00e3o conter tamb\u00e9m no m\u00ednimo um corte capaz de dividi-los em ret\u00e2ngulos ainda menores, at\u00e9 que todo o processo de corte da chapa ou bobina esteja conclu\u00eddo.\u00a0 Nos planos impressos do Corte Certo essas linhas principais s\u00e3o indicadas com uma pequena seta:<\/span><\/p>\n<p style=\"text-align:start;\"><\/p>\n<img src=\"https:\/\/cortecerto.com\/wp-content\/uploads\/2014\/11\/image7-glo.png\" alt=\"image7-glo\" style=\"height: auto;width: \"\/>\n<p style=\"text-align:start;\"><span style=\"color: rgb(51,66,85);background-color: rgb(252,252,252);font-size: 15px;font-family: -apple-system, BlinkMacSystemFont, \"Segoe UI\", Roboto, Oxygen-Sans, Ubuntu, Cantarell, \"Helvetica Neue\", sans-serif;\"><strong>Padr\u00e3o de corte guilhotinado:\u00a0<\/strong>plano de corte que cont\u00e9m pelo menos um corte guilhotin\u00e1vel (ou corte guilhotina). \u00c9 aquele em que n\u00e3o h\u00e1 interrup\u00e7\u00e3o, ou seja, que vai de um lado at\u00e9 o lado oposto da chapa. No primeiro exemplo abaixo h\u00e1 duas op\u00e7\u00f5es assim para o corte inicial \u2013 uma no sentido horizontal e outra no vertical, gerando sempre dois novos ret\u00e2ngulos, cada qual com pelo menos um corte guilhotin\u00e1vel.<\/span><\/p>\n<p style=\"text-align:start;\"><span style=\"color: rgb(51,66,85);background-color: rgb(252,252,252);font-size: 15px;font-family: -apple-system, BlinkMacSystemFont, \"Segoe UI\", Roboto, Oxygen-Sans, Ubuntu, Cantarell, \"Helvetica Neue\", sans-serif;\"><strong>Padr\u00e3o de corte n\u00e3o guilhotinado:<\/strong><\/span> <span style=\"color: rgb(51,66,85);background-color: rgb(252,252,252);font-size: 15px;font-family: -apple-system, BlinkMacSystemFont, \"Segoe UI\", Roboto, Oxygen-Sans, Ubuntu, Cantarell, \"Helvetica Neue\", sans-serif;\">\u00e9 quando o corte guilhotin\u00e1vel n\u00e3o ocorre, porque pelo menos uma das linhas de corte est\u00e1 interrompida. Esse tipo de arranjo de pe\u00e7as pode eventualmente gerar melhor aproveitamento do material, mas, nesse caso, ter\u00e1 de ser cortado com as mesmas ferramentas indicadas ao corte de pe\u00e7as irregulares. Para utilizar seccionadoras ou guilhotinas, o plano de corte ter\u00e1 de ser corrigido.<\/span><\/p>\n<p style=\"text-align:start;\"><\/p>\n<img src=\"https:\/\/cortecerto.com\/wp-content\/uploads\/2014\/11\/image8-glo.jpeg\" alt=\"image8-glo\" style=\"height: auto;width: \"\/>\n<p style=\"text-align:start;\"><span style=\"color: rgb(51,66,85);background-color: rgb(252,252,252);font-size: 15px;font-family: -apple-system, BlinkMacSystemFont, \"Segoe UI\", Roboto, Oxygen-Sans, Ubuntu, Cantarell, \"Helvetica Neue\", sans-serif;\">Os padr\u00f5es guilhotinado e n\u00e3o guilhotinado tamb\u00e9m se aplicam \u00e0s bobinas, que podem demandar opcionalmente planos para cortes longitudinais (slitter). Ver tamb\u00e9m:\u00a0Destopar.<\/span><\/p>\n<p style=\"text-align:start;\"><\/p>\n<img src=\"https:\/\/cortecerto.com\/wp-content\/uploads\/2014\/11\/image9-glo.jpeg\" alt=\"image9-glo\" style=\"height: auto;width: \"\/>\n<p style=\"text-align:start;\"><span style=\"color: rgb(51,66,85);background-color: rgb(252,252,252);font-size: 15px;font-family: -apple-system, BlinkMacSystemFont, \"Segoe UI\", Roboto, Oxygen-Sans, Ubuntu, Cantarell, \"Helvetica Neue\", sans-serif;\">Mesmo sem necessitar de cortes totalmente longitudinais ou transversais, o usu\u00e1rio pode preferir tamb\u00e9m que os cortes iniciais sejam horizontais ou verticais, como padr\u00e3o.<\/span><\/p>\n<p style=\"text-align:start;\"><span style=\"color: rgb(51,66,85);background-color: rgb(252,252,252);font-size: 15px;font-family: -apple-system, BlinkMacSystemFont, \"Segoe UI\", Roboto, Oxygen-Sans, Ubuntu, Cantarell, \"Helvetica Neue\", sans-serif;\">As\u00a0fases de corte\u00a0tamb\u00e9m podem definir padr\u00e3o para os esquemas de corte.<\/span>&nbsp;<\/p>\n"]},"yoast_head":"<!-- This site is optimized with the Yoast SEO plugin v27.5 - https:\/\/yoast.com\/product\/yoast-seo-wordpress\/ -->\n<title>Padr\u00f5es de corte archivos - Corte Certo - Software para Otimiza\u00e7\u00e3o de Planos de Corte<\/title>\n<meta name=\"robots\" content=\"index, follow, max-snippet:-1, max-image-preview:large, max-video-preview:-1\" \/>\n<link rel=\"canonical\" href=\"https:\/\/cortecerto.com\/es\/glossary\/padroes-de-corte\/\" \/>\n<meta property=\"og:locale\" content=\"es_ES\" \/>\n<meta property=\"og:type\" content=\"article\" \/>\n<meta property=\"og:title\" content=\"Padr\u00f5es de corte archivos - Corte Certo - Software para Otimiza\u00e7\u00e3o de Planos de Corte\" \/>\n<meta property=\"og:url\" content=\"https:\/\/cortecerto.com\/es\/glossary\/padroes-de-corte\/\" \/>\n<meta property=\"og:site_name\" content=\"Corte Certo - Software para Otimiza\u00e7\u00e3o de Planos de Corte\" \/>\n<meta name=\"twitter:card\" content=\"summary_large_image\" \/>\n<script type=\"application\/ld+json\" class=\"yoast-schema-graph\">{\"@context\":\"https:\\\/\\\/schema.org\",\"@graph\":[{\"@type\":\"CollectionPage\",\"@id\":\"https:\\\/\\\/cortecerto.com\\\/es\\\/glossary\\\/padroes-de-corte\\\/\",\"url\":\"https:\\\/\\\/cortecerto.com\\\/es\\\/glossary\\\/padroes-de-corte\\\/\",\"name\":\"Padr\u00f5es de corte archivos - Corte Certo - Software para Otimiza\u00e7\u00e3o de Planos de Corte\",\"isPartOf\":{\"@id\":\"https:\\\/\\\/cortecerto.com\\\/es\\\/#website\"},\"breadcrumb\":{\"@id\":\"https:\\\/\\\/cortecerto.com\\\/es\\\/glossary\\\/padroes-de-corte\\\/#breadcrumb\"},\"inLanguage\":\"es\"},{\"@type\":\"BreadcrumbList\",\"@id\":\"https:\\\/\\\/cortecerto.com\\\/es\\\/glossary\\\/padroes-de-corte\\\/#breadcrumb\",\"itemListElement\":[{\"@type\":\"ListItem\",\"position\":1,\"name\":\"In\u00edcio\",\"item\":\"https:\\\/\\\/cortecerto.com\\\/es\\\/\"},{\"@type\":\"ListItem\",\"position\":2,\"name\":\"Padr\u00f5es de corte\"}]},{\"@type\":\"WebSite\",\"@id\":\"https:\\\/\\\/cortecerto.com\\\/es\\\/#website\",\"url\":\"https:\\\/\\\/cortecerto.com\\\/es\\\/\",\"name\":\"Corte Certo - Software para Otimiza\u00e7\u00e3o de Planos de Corte\",\"description\":\"\",\"publisher\":{\"@id\":\"https:\\\/\\\/cortecerto.com\\\/es\\\/#organization\"},\"potentialAction\":[{\"@type\":\"SearchAction\",\"target\":{\"@type\":\"EntryPoint\",\"urlTemplate\":\"https:\\\/\\\/cortecerto.com\\\/es\\\/?s={search_term_string}\"},\"query-input\":{\"@type\":\"PropertyValueSpecification\",\"valueRequired\":true,\"valueName\":\"search_term_string\"}}],\"inLanguage\":\"es\"},{\"@type\":\"Organization\",\"@id\":\"https:\\\/\\\/cortecerto.com\\\/es\\\/#organization\",\"name\":\"Corte Certo - Software para Otimiza\u00e7\u00e3o de Planos de Corte\",\"url\":\"https:\\\/\\\/cortecerto.com\\\/es\\\/\",\"logo\":{\"@type\":\"ImageObject\",\"inLanguage\":\"es\",\"@id\":\"https:\\\/\\\/cortecerto.com\\\/es\\\/#\\\/schema\\\/logo\\\/image\\\/\",\"url\":\"https:\\\/\\\/cortecerto.com\\\/wp-content\\\/uploads\\\/2022\\\/10\\\/logo-corte-certo-branco.png\",\"contentUrl\":\"https:\\\/\\\/cortecerto.com\\\/wp-content\\\/uploads\\\/2022\\\/10\\\/logo-corte-certo-branco.png\",\"width\":2560,\"height\":293,\"caption\":\"Corte Certo - Software para Otimiza\u00e7\u00e3o de Planos de Corte\"},\"image\":{\"@id\":\"https:\\\/\\\/cortecerto.com\\\/es\\\/#\\\/schema\\\/logo\\\/image\\\/\"}}]}<\/script>\n<!-- \/ Yoast SEO plugin. -->","yoast_head_json":{"title":"Padr\u00f5es de corte archivos - Corte Certo - Software para Otimiza\u00e7\u00e3o de Planos de Corte","robots":{"index":"index","follow":"follow","max-snippet":"max-snippet:-1","max-image-preview":"max-image-preview:large","max-video-preview":"max-video-preview:-1"},"canonical":"https:\/\/cortecerto.com\/es\/glossary\/padroes-de-corte\/","og_locale":"es_ES","og_type":"article","og_title":"Padr\u00f5es de corte archivos - Corte Certo - Software para Otimiza\u00e7\u00e3o de Planos de Corte","og_url":"https:\/\/cortecerto.com\/es\/glossary\/padroes-de-corte\/","og_site_name":"Corte Certo - Software para Otimiza\u00e7\u00e3o de Planos de Corte","twitter_card":"summary_large_image","schema":{"@context":"https:\/\/schema.org","@graph":[{"@type":"CollectionPage","@id":"https:\/\/cortecerto.com\/es\/glossary\/padroes-de-corte\/","url":"https:\/\/cortecerto.com\/es\/glossary\/padroes-de-corte\/","name":"Padr\u00f5es de corte archivos - Corte Certo - Software para Otimiza\u00e7\u00e3o de Planos de Corte","isPartOf":{"@id":"https:\/\/cortecerto.com\/es\/#website"},"breadcrumb":{"@id":"https:\/\/cortecerto.com\/es\/glossary\/padroes-de-corte\/#breadcrumb"},"inLanguage":"es"},{"@type":"BreadcrumbList","@id":"https:\/\/cortecerto.com\/es\/glossary\/padroes-de-corte\/#breadcrumb","itemListElement":[{"@type":"ListItem","position":1,"name":"In\u00edcio","item":"https:\/\/cortecerto.com\/es\/"},{"@type":"ListItem","position":2,"name":"Padr\u00f5es de corte"}]},{"@type":"WebSite","@id":"https:\/\/cortecerto.com\/es\/#website","url":"https:\/\/cortecerto.com\/es\/","name":"Corte Certo - Software para Otimiza\u00e7\u00e3o de Planos de Corte","description":"","publisher":{"@id":"https:\/\/cortecerto.com\/es\/#organization"},"potentialAction":[{"@type":"SearchAction","target":{"@type":"EntryPoint","urlTemplate":"https:\/\/cortecerto.com\/es\/?s={search_term_string}"},"query-input":{"@type":"PropertyValueSpecification","valueRequired":true,"valueName":"search_term_string"}}],"inLanguage":"es"},{"@type":"Organization","@id":"https:\/\/cortecerto.com\/es\/#organization","name":"Corte Certo - Software para Otimiza\u00e7\u00e3o de Planos de Corte","url":"https:\/\/cortecerto.com\/es\/","logo":{"@type":"ImageObject","inLanguage":"es","@id":"https:\/\/cortecerto.com\/es\/#\/schema\/logo\/image\/","url":"https:\/\/cortecerto.com\/wp-content\/uploads\/2022\/10\/logo-corte-certo-branco.png","contentUrl":"https:\/\/cortecerto.com\/wp-content\/uploads\/2022\/10\/logo-corte-certo-branco.png","width":2560,"height":293,"caption":"Corte Certo - Software para Otimiza\u00e7\u00e3o de Planos de Corte"},"image":{"@id":"https:\/\/cortecerto.com\/es\/#\/schema\/logo\/image\/"}}]}},"glossary_term_description":"<p style=\"text-align:start;\"><span style=\"color: rgb(51,66,85);background-color: rgb(252,252,252);font-size: 15px;font-family: -apple-system, BlinkMacSystemFont, \"Segoe UI\", Roboto, Oxygen-Sans, Ubuntu, Cantarell, \"Helvetica Neue\", sans-serif;\">A multiplicidade de restri\u00e7\u00f5es e\u00a0requerimentos para o plano de corte bidimensional pode gerar igualmente uma infinidade de esquemas de corte diferentes para o mesmo pedido. Algumas dessas restri\u00e7\u00f5es\/requerimentos s\u00e3o: espessura de serra, esquadrejamento da chapa, sentido do veio\/ranhura do material, sequ\u00eancia de cortes, determina\u00e7\u00e3o de fases de corte, arranjos mistos, prefer\u00eancia pelo corte inicial (horizontal ou vertical) etc. Um estoque com chapas de dimens\u00f5es muito variadas, como a inclus\u00e3o de retalhos, e\/ou um projeto com grande variedade de pe\u00e7as, evidentemente, aumentar\u00e1 a complexidade do problema e poder\u00e1 gerar planos de cortes inesperados \u2013 mas esse resultado, em si, n\u00e3o constitui um<\/span> <span style=\"color: rgb(51,66,85);background-color: rgb(252,252,252);font-size: 15px;font-family: -apple-system, BlinkMacSystemFont, \"Segoe UI\", Roboto, Oxygen-Sans, Ubuntu, Cantarell, \"Helvetica Neue\", sans-serif;\"><em>padr\u00e3o<\/em>.<\/span><\/p>\n<p style=\"text-align:start;\"><span style=\"color: rgb(51,66,85);background-color: rgb(252,252,252);font-size: 15px;font-family: -apple-system, BlinkMacSystemFont, \"Segoe UI\", Roboto, Oxygen-Sans, Ubuntu, Cantarell, \"Helvetica Neue\", sans-serif;\">Como default, todo o plano de corte gerado pelo Corte Certo oferece pelo menos um corte de fora a fora, o que permite transformar um ret\u00e2ngulo maior em dois outros menores. E esses dois outros ret\u00e2ngulos, se necess\u00e1rio, dever\u00e3o conter tamb\u00e9m no m\u00ednimo um corte capaz de dividi-los em ret\u00e2ngulos ainda menores, at\u00e9 que todo o processo de corte da chapa ou bobina esteja conclu\u00eddo.\u00a0 Nos planos impressos do Corte Certo essas linhas principais s\u00e3o indicadas com uma pequena seta:<\/span><\/p>\n<p style=\"text-align:start;\"><\/p>\n<img src=\"https:\/\/cortecerto.com\/wp-content\/uploads\/2014\/11\/image7-glo.png\" alt=\"image7-glo\" style=\"height: auto;width: \"\/>\n<p style=\"text-align:start;\"><span style=\"color: rgb(51,66,85);background-color: rgb(252,252,252);font-size: 15px;font-family: -apple-system, BlinkMacSystemFont, \"Segoe UI\", Roboto, Oxygen-Sans, Ubuntu, Cantarell, \"Helvetica Neue\", sans-serif;\"><strong>Padr\u00e3o de corte guilhotinado:\u00a0<\/strong>plano de corte que cont\u00e9m pelo menos um corte guilhotin\u00e1vel (ou corte guilhotina). \u00c9 aquele em que n\u00e3o h\u00e1 interrup\u00e7\u00e3o, ou seja, que vai de um lado at\u00e9 o lado oposto da chapa. No primeiro exemplo abaixo h\u00e1 duas op\u00e7\u00f5es assim para o corte inicial \u2013 uma no sentido horizontal e outra no vertical, gerando sempre dois novos ret\u00e2ngulos, cada qual com pelo menos um corte guilhotin\u00e1vel.<\/span><\/p>\n<p style=\"text-align:start;\"><span style=\"color: rgb(51,66,85);background-color: rgb(252,252,252);font-size: 15px;font-family: -apple-system, BlinkMacSystemFont, \"Segoe UI\", Roboto, Oxygen-Sans, Ubuntu, Cantarell, \"Helvetica Neue\", sans-serif;\"><strong>Padr\u00e3o de corte n\u00e3o guilhotinado:<\/strong><\/span> <span style=\"color: rgb(51,66,85);background-color: rgb(252,252,252);font-size: 15px;font-family: -apple-system, BlinkMacSystemFont, \"Segoe UI\", Roboto, Oxygen-Sans, Ubuntu, Cantarell, \"Helvetica Neue\", sans-serif;\">\u00e9 quando o corte guilhotin\u00e1vel n\u00e3o ocorre, porque pelo menos uma das linhas de corte est\u00e1 interrompida. Esse tipo de arranjo de pe\u00e7as pode eventualmente gerar melhor aproveitamento do material, mas, nesse caso, ter\u00e1 de ser cortado com as mesmas ferramentas indicadas ao corte de pe\u00e7as irregulares. Para utilizar seccionadoras ou guilhotinas, o plano de corte ter\u00e1 de ser corrigido.<\/span><\/p>\n<p style=\"text-align:start;\"><\/p>\n<img src=\"https:\/\/cortecerto.com\/wp-content\/uploads\/2014\/11\/image8-glo.jpeg\" alt=\"image8-glo\" style=\"height: auto;width: \"\/>\n<p style=\"text-align:start;\"><span style=\"color: rgb(51,66,85);background-color: rgb(252,252,252);font-size: 15px;font-family: -apple-system, BlinkMacSystemFont, \"Segoe UI\", Roboto, Oxygen-Sans, Ubuntu, Cantarell, \"Helvetica Neue\", sans-serif;\">Os padr\u00f5es guilhotinado e n\u00e3o guilhotinado tamb\u00e9m se aplicam \u00e0s bobinas, que podem demandar opcionalmente planos para cortes longitudinais (slitter). Ver tamb\u00e9m:\u00a0Destopar.<\/span><\/p>\n<p style=\"text-align:start;\"><\/p>\n<img src=\"https:\/\/cortecerto.com\/wp-content\/uploads\/2014\/11\/image9-glo.jpeg\" alt=\"image9-glo\" style=\"height: auto;width: \"\/>\n<p style=\"text-align:start;\"><span style=\"color: rgb(51,66,85);background-color: rgb(252,252,252);font-size: 15px;font-family: -apple-system, BlinkMacSystemFont, \"Segoe UI\", Roboto, Oxygen-Sans, Ubuntu, Cantarell, \"Helvetica Neue\", sans-serif;\">Mesmo sem necessitar de cortes totalmente longitudinais ou transversais, o usu\u00e1rio pode preferir tamb\u00e9m que os cortes iniciais sejam horizontais ou verticais, como padr\u00e3o.<\/span><\/p>\n<p style=\"text-align:start;\"><span style=\"color: rgb(51,66,85);background-color: rgb(252,252,252);font-size: 15px;font-family: -apple-system, BlinkMacSystemFont, \"Segoe UI\", Roboto, Oxygen-Sans, Ubuntu, Cantarell, \"Helvetica Neue\", sans-serif;\">As\u00a0fases de corte\u00a0tamb\u00e9m podem definir padr\u00e3o para os esquemas de corte.<\/span>&nbsp;<\/p>\n","_links":{"self":[{"href":"https:\/\/cortecerto.com\/es\/wp-json\/wp\/v2\/glossaries\/203","targetHints":{"allow":["GET"]}}],"collection":[{"href":"https:\/\/cortecerto.com\/es\/wp-json\/wp\/v2\/glossaries"}],"about":[{"href":"https:\/\/cortecerto.com\/es\/wp-json\/wp\/v2\/taxonomies\/glossaries"}],"wp:post_type":[{"href":"https:\/\/cortecerto.com\/es\/wp-json\/wp\/v2\/docs?glossaries=203"}],"curies":[{"name":"wp","href":"https:\/\/api.w.org\/{rel}","templated":true}]}}