{"id":202,"count":0,"description":"","link":"https:\/\/cortecerto.com\/es\/glossary\/otimizar\/","name":"Otimizar","slug":"otimizar","taxonomy":"glossaries","parent":0,"meta":{"status":["1"],"order":["0"],"glossary_term_description":["<p style=\"text-align:start;\"><span style=\"color: rgb(51,66,85);background-color: rgb(252,252,252);font-size: 15px;font-family: -apple-system, BlinkMacSystemFont, \"Segoe UI\", Roboto, Oxygen-Sans, Ubuntu, Cantarell, \"Helvetica Neue\", sans-serif;\">A a\u00e7\u00e3o de otimizar est\u00e1 em nosso dia a dia e nem percebemos. Otimizamos quando escolhemos o melhor trajeto para chegar at\u00e9 o trabalho, pegando atalhos, desviando do tr\u00e2nsito, etc. Quando cozinhamos, quando fazemos a faxina, quando organizamos o nosso dia de trabalho. O tempo todo estamos otimizando.<\/span><\/p>\n<p style=\"text-align:start;\"><span style=\"color: rgb(51,66,85);background-color: rgb(252,252,252);font-size: 15px;font-family: -apple-system, BlinkMacSystemFont, \"Segoe UI\", Roboto, Oxygen-Sans, Ubuntu, Cantarell, \"Helvetica Neue\", sans-serif;\">Mesmo assim, at\u00e9 pouqu\u00edssimo tempo atr\u00e1s, a palavra \u201cotimizar\u201d nem sequer constava nos nossos dicion\u00e1rios, embora j\u00e1 fosse aceita pelos pa\u00edses de l\u00edngua inglesa, espanhola e francesa, entre outros. Mas estar dicionarizada n\u00e3o significa a oficializa\u00e7\u00e3o do termo, que s\u00f3 \u00e9 dada com a publica\u00e7\u00e3o no VOLP (Vocabul\u00e1rio Ortogr\u00e1fico da L\u00edngua Portuguesa), editado pela ABL (Academia Brasileira de Letras). At\u00e9 o final de 2009, isso ainda n\u00e3o havia ocorrido.<\/span><\/p>\n<p style=\"text-align:start;\"><span style=\"color: rgb(51,66,85);background-color: rgb(252,252,252);font-size: 15px;font-family: -apple-system, BlinkMacSystemFont, \"Segoe UI\", Roboto, Oxygen-Sans, Ubuntu, Cantarell, \"Helvetica Neue\", sans-serif;\">Esse \u00e9 um termo que ganhou muita for\u00e7a com o crescimento da inform\u00e1tica, j\u00e1 que o principal objetivo dos softwares sempre foi o de \u201cmelhorar\u201d alguma coisa \u201cde modo a ser mais simples e o mais r\u00e1pido poss\u00edvel\u201d, como define \u201cotimizar\u201d o dicion\u00e1rio Aulete. A defini\u00e7\u00e3o do Michaelis de \u201ctornar \u00f3timo\u201d \u00e9 mais condizente com a palavra, mas nem sempre seu objetivo \u00e9 alcan\u00e7\u00e1vel. O que se espera \u00e9 uma melhora com objetivo de alcan\u00e7ar o m\u00e1ximo.<\/span><\/p>\n<p style=\"text-align:start;\"><span style=\"color: rgb(51,66,85);background-color: rgb(252,252,252);font-size: 15px;font-family: -apple-system, BlinkMacSystemFont, \"Segoe UI\", Roboto, Oxygen-Sans, Ubuntu, Cantarell, \"Helvetica Neue\", sans-serif;\">Pensando em otimizar como resultado de t\u00e9cnicas matem\u00e1ticas, o objetivo ser\u00e1 encontrar os valores m\u00e1ximos e m\u00ednimos. Ou seja, os valores \u00f3timos.<\/span><\/p>\n<p style=\"text-align:start;\"><span style=\"color: rgb(51,66,85);background-color: rgb(252,252,252);font-size: 15px;font-family: -apple-system, BlinkMacSystemFont, \"Segoe UI\", Roboto, Oxygen-Sans, Ubuntu, Cantarell, \"Helvetica Neue\", sans-serif;\">No caso do Corte Certo essas t\u00e9cnicas s\u00e3o empregadas para melhorar o aproveitamento da mat\u00e9ria-prima e tornar mais r\u00e1pido todo o processo de corte, o que pode incluir op\u00e7\u00f5es de empilhamento.<\/span><\/p>\n<p style=\"text-align:start;\"><span style=\"color: rgb(51,66,85);background-color: rgb(252,252,252);font-size: 15px;font-family: -apple-system, BlinkMacSystemFont, \"Segoe UI\", Roboto, Oxygen-Sans, Ubuntu, Cantarell, \"Helvetica Neue\", sans-serif;\">Al\u00e9m disso, outros objetivos v\u00e3o se agregando, seja como consequ\u00eancia ou como complemento. Por exemplo: melhoria na organiza\u00e7\u00e3o, atrav\u00e9s da padroniza\u00e7\u00e3o da documenta\u00e7\u00e3o gerada pelo programa; aux\u00edlio na precifica\u00e7\u00e3o; aux\u00edlio no controle dos pedidos; aux\u00edlio em processos industriais; aux\u00edlio na compra de mat\u00e9ria-prima; aux\u00edlio na venda; redu\u00e7\u00e3o de desperd\u00edcio; e aumento de lucratividade.<\/span><\/p>\n<p style=\"text-align:start;\"><span style=\"color: rgb(51,66,85);background-color: rgb(252,252,252);font-size: 15px;font-family: -apple-system, BlinkMacSystemFont, \"Segoe UI\", Roboto, Oxygen-Sans, Ubuntu, Cantarell, \"Helvetica Neue\", sans-serif;\">Eventualmente o usu\u00e1rio poder\u00e1 sacrificar um pouco do objetivo de alcan\u00e7ar o melhor aproveitamento poss\u00edvel do material em troca de otimiza\u00e7\u00e3o do processo de corte, ou seja, o ganho de tempo no uso da m\u00e1quina de corte, da m\u00e3o de obra dispon\u00edvel para o trabalho, do tempo de estoque da mat\u00e9ria-prima, etc.<\/span>&nbsp;<\/p>\n"]},"yoast_head":"<!-- This site is optimized with the Yoast SEO plugin v27.5 - https:\/\/yoast.com\/product\/yoast-seo-wordpress\/ -->\n<title>Otimizar archivos - Corte Certo - Software para Otimiza\u00e7\u00e3o de Planos de Corte<\/title>\n<meta name=\"robots\" content=\"index, follow, max-snippet:-1, max-image-preview:large, max-video-preview:-1\" \/>\n<link rel=\"canonical\" href=\"https:\/\/cortecerto.com\/es\/glossary\/otimizar\/\" \/>\n<meta property=\"og:locale\" content=\"es_ES\" \/>\n<meta property=\"og:type\" content=\"article\" \/>\n<meta property=\"og:title\" content=\"Otimizar archivos - Corte Certo - Software para Otimiza\u00e7\u00e3o de Planos de Corte\" \/>\n<meta property=\"og:url\" content=\"https:\/\/cortecerto.com\/es\/glossary\/otimizar\/\" \/>\n<meta property=\"og:site_name\" content=\"Corte Certo - Software para Otimiza\u00e7\u00e3o de Planos de Corte\" \/>\n<meta name=\"twitter:card\" content=\"summary_large_image\" \/>\n<script type=\"application\/ld+json\" class=\"yoast-schema-graph\">{\"@context\":\"https:\\\/\\\/schema.org\",\"@graph\":[{\"@type\":\"CollectionPage\",\"@id\":\"https:\\\/\\\/cortecerto.com\\\/es\\\/glossary\\\/otimizar\\\/\",\"url\":\"https:\\\/\\\/cortecerto.com\\\/es\\\/glossary\\\/otimizar\\\/\",\"name\":\"Otimizar archivos - Corte Certo - Software para Otimiza\u00e7\u00e3o de Planos de Corte\",\"isPartOf\":{\"@id\":\"https:\\\/\\\/cortecerto.com\\\/es\\\/#website\"},\"breadcrumb\":{\"@id\":\"https:\\\/\\\/cortecerto.com\\\/es\\\/glossary\\\/otimizar\\\/#breadcrumb\"},\"inLanguage\":\"es\"},{\"@type\":\"BreadcrumbList\",\"@id\":\"https:\\\/\\\/cortecerto.com\\\/es\\\/glossary\\\/otimizar\\\/#breadcrumb\",\"itemListElement\":[{\"@type\":\"ListItem\",\"position\":1,\"name\":\"In\u00edcio\",\"item\":\"https:\\\/\\\/cortecerto.com\\\/es\\\/\"},{\"@type\":\"ListItem\",\"position\":2,\"name\":\"Otimizar\"}]},{\"@type\":\"WebSite\",\"@id\":\"https:\\\/\\\/cortecerto.com\\\/es\\\/#website\",\"url\":\"https:\\\/\\\/cortecerto.com\\\/es\\\/\",\"name\":\"Corte Certo - Software para Otimiza\u00e7\u00e3o de Planos de Corte\",\"description\":\"\",\"publisher\":{\"@id\":\"https:\\\/\\\/cortecerto.com\\\/es\\\/#organization\"},\"potentialAction\":[{\"@type\":\"SearchAction\",\"target\":{\"@type\":\"EntryPoint\",\"urlTemplate\":\"https:\\\/\\\/cortecerto.com\\\/es\\\/?s={search_term_string}\"},\"query-input\":{\"@type\":\"PropertyValueSpecification\",\"valueRequired\":true,\"valueName\":\"search_term_string\"}}],\"inLanguage\":\"es\"},{\"@type\":\"Organization\",\"@id\":\"https:\\\/\\\/cortecerto.com\\\/es\\\/#organization\",\"name\":\"Corte Certo - Software para Otimiza\u00e7\u00e3o de Planos de Corte\",\"url\":\"https:\\\/\\\/cortecerto.com\\\/es\\\/\",\"logo\":{\"@type\":\"ImageObject\",\"inLanguage\":\"es\",\"@id\":\"https:\\\/\\\/cortecerto.com\\\/es\\\/#\\\/schema\\\/logo\\\/image\\\/\",\"url\":\"https:\\\/\\\/cortecerto.com\\\/wp-content\\\/uploads\\\/2022\\\/10\\\/logo-corte-certo-branco.png\",\"contentUrl\":\"https:\\\/\\\/cortecerto.com\\\/wp-content\\\/uploads\\\/2022\\\/10\\\/logo-corte-certo-branco.png\",\"width\":2560,\"height\":293,\"caption\":\"Corte Certo - Software para Otimiza\u00e7\u00e3o de Planos de Corte\"},\"image\":{\"@id\":\"https:\\\/\\\/cortecerto.com\\\/es\\\/#\\\/schema\\\/logo\\\/image\\\/\"}}]}<\/script>\n<!-- \/ Yoast SEO plugin. -->","yoast_head_json":{"title":"Otimizar archivos - Corte Certo - Software para Otimiza\u00e7\u00e3o de Planos de Corte","robots":{"index":"index","follow":"follow","max-snippet":"max-snippet:-1","max-image-preview":"max-image-preview:large","max-video-preview":"max-video-preview:-1"},"canonical":"https:\/\/cortecerto.com\/es\/glossary\/otimizar\/","og_locale":"es_ES","og_type":"article","og_title":"Otimizar archivos - Corte Certo - Software para Otimiza\u00e7\u00e3o de Planos de Corte","og_url":"https:\/\/cortecerto.com\/es\/glossary\/otimizar\/","og_site_name":"Corte Certo - Software para Otimiza\u00e7\u00e3o de Planos de Corte","twitter_card":"summary_large_image","schema":{"@context":"https:\/\/schema.org","@graph":[{"@type":"CollectionPage","@id":"https:\/\/cortecerto.com\/es\/glossary\/otimizar\/","url":"https:\/\/cortecerto.com\/es\/glossary\/otimizar\/","name":"Otimizar archivos - Corte Certo - Software para Otimiza\u00e7\u00e3o de Planos de Corte","isPartOf":{"@id":"https:\/\/cortecerto.com\/es\/#website"},"breadcrumb":{"@id":"https:\/\/cortecerto.com\/es\/glossary\/otimizar\/#breadcrumb"},"inLanguage":"es"},{"@type":"BreadcrumbList","@id":"https:\/\/cortecerto.com\/es\/glossary\/otimizar\/#breadcrumb","itemListElement":[{"@type":"ListItem","position":1,"name":"In\u00edcio","item":"https:\/\/cortecerto.com\/es\/"},{"@type":"ListItem","position":2,"name":"Otimizar"}]},{"@type":"WebSite","@id":"https:\/\/cortecerto.com\/es\/#website","url":"https:\/\/cortecerto.com\/es\/","name":"Corte Certo - Software para Otimiza\u00e7\u00e3o de Planos de Corte","description":"","publisher":{"@id":"https:\/\/cortecerto.com\/es\/#organization"},"potentialAction":[{"@type":"SearchAction","target":{"@type":"EntryPoint","urlTemplate":"https:\/\/cortecerto.com\/es\/?s={search_term_string}"},"query-input":{"@type":"PropertyValueSpecification","valueRequired":true,"valueName":"search_term_string"}}],"inLanguage":"es"},{"@type":"Organization","@id":"https:\/\/cortecerto.com\/es\/#organization","name":"Corte Certo - Software para Otimiza\u00e7\u00e3o de Planos de Corte","url":"https:\/\/cortecerto.com\/es\/","logo":{"@type":"ImageObject","inLanguage":"es","@id":"https:\/\/cortecerto.com\/es\/#\/schema\/logo\/image\/","url":"https:\/\/cortecerto.com\/wp-content\/uploads\/2022\/10\/logo-corte-certo-branco.png","contentUrl":"https:\/\/cortecerto.com\/wp-content\/uploads\/2022\/10\/logo-corte-certo-branco.png","width":2560,"height":293,"caption":"Corte Certo - Software para Otimiza\u00e7\u00e3o de Planos de Corte"},"image":{"@id":"https:\/\/cortecerto.com\/es\/#\/schema\/logo\/image\/"}}]}},"glossary_term_description":"<p style=\"text-align:start;\"><span style=\"color: rgb(51,66,85);background-color: rgb(252,252,252);font-size: 15px;font-family: -apple-system, BlinkMacSystemFont, \"Segoe UI\", Roboto, Oxygen-Sans, Ubuntu, Cantarell, \"Helvetica Neue\", sans-serif;\">A a\u00e7\u00e3o de otimizar est\u00e1 em nosso dia a dia e nem percebemos. Otimizamos quando escolhemos o melhor trajeto para chegar at\u00e9 o trabalho, pegando atalhos, desviando do tr\u00e2nsito, etc. Quando cozinhamos, quando fazemos a faxina, quando organizamos o nosso dia de trabalho. O tempo todo estamos otimizando.<\/span><\/p>\n<p style=\"text-align:start;\"><span style=\"color: rgb(51,66,85);background-color: rgb(252,252,252);font-size: 15px;font-family: -apple-system, BlinkMacSystemFont, \"Segoe UI\", Roboto, Oxygen-Sans, Ubuntu, Cantarell, \"Helvetica Neue\", sans-serif;\">Mesmo assim, at\u00e9 pouqu\u00edssimo tempo atr\u00e1s, a palavra \u201cotimizar\u201d nem sequer constava nos nossos dicion\u00e1rios, embora j\u00e1 fosse aceita pelos pa\u00edses de l\u00edngua inglesa, espanhola e francesa, entre outros. Mas estar dicionarizada n\u00e3o significa a oficializa\u00e7\u00e3o do termo, que s\u00f3 \u00e9 dada com a publica\u00e7\u00e3o no VOLP (Vocabul\u00e1rio Ortogr\u00e1fico da L\u00edngua Portuguesa), editado pela ABL (Academia Brasileira de Letras). At\u00e9 o final de 2009, isso ainda n\u00e3o havia ocorrido.<\/span><\/p>\n<p style=\"text-align:start;\"><span style=\"color: rgb(51,66,85);background-color: rgb(252,252,252);font-size: 15px;font-family: -apple-system, BlinkMacSystemFont, \"Segoe UI\", Roboto, Oxygen-Sans, Ubuntu, Cantarell, \"Helvetica Neue\", sans-serif;\">Esse \u00e9 um termo que ganhou muita for\u00e7a com o crescimento da inform\u00e1tica, j\u00e1 que o principal objetivo dos softwares sempre foi o de \u201cmelhorar\u201d alguma coisa \u201cde modo a ser mais simples e o mais r\u00e1pido poss\u00edvel\u201d, como define \u201cotimizar\u201d o dicion\u00e1rio Aulete. A defini\u00e7\u00e3o do Michaelis de \u201ctornar \u00f3timo\u201d \u00e9 mais condizente com a palavra, mas nem sempre seu objetivo \u00e9 alcan\u00e7\u00e1vel. O que se espera \u00e9 uma melhora com objetivo de alcan\u00e7ar o m\u00e1ximo.<\/span><\/p>\n<p style=\"text-align:start;\"><span style=\"color: rgb(51,66,85);background-color: rgb(252,252,252);font-size: 15px;font-family: -apple-system, BlinkMacSystemFont, \"Segoe UI\", Roboto, Oxygen-Sans, Ubuntu, Cantarell, \"Helvetica Neue\", sans-serif;\">Pensando em otimizar como resultado de t\u00e9cnicas matem\u00e1ticas, o objetivo ser\u00e1 encontrar os valores m\u00e1ximos e m\u00ednimos. Ou seja, os valores \u00f3timos.<\/span><\/p>\n<p style=\"text-align:start;\"><span style=\"color: rgb(51,66,85);background-color: rgb(252,252,252);font-size: 15px;font-family: -apple-system, BlinkMacSystemFont, \"Segoe UI\", Roboto, Oxygen-Sans, Ubuntu, Cantarell, \"Helvetica Neue\", sans-serif;\">No caso do Corte Certo essas t\u00e9cnicas s\u00e3o empregadas para melhorar o aproveitamento da mat\u00e9ria-prima e tornar mais r\u00e1pido todo o processo de corte, o que pode incluir op\u00e7\u00f5es de empilhamento.<\/span><\/p>\n<p style=\"text-align:start;\"><span style=\"color: rgb(51,66,85);background-color: rgb(252,252,252);font-size: 15px;font-family: -apple-system, BlinkMacSystemFont, \"Segoe UI\", Roboto, Oxygen-Sans, Ubuntu, Cantarell, \"Helvetica Neue\", sans-serif;\">Al\u00e9m disso, outros objetivos v\u00e3o se agregando, seja como consequ\u00eancia ou como complemento. Por exemplo: melhoria na organiza\u00e7\u00e3o, atrav\u00e9s da padroniza\u00e7\u00e3o da documenta\u00e7\u00e3o gerada pelo programa; aux\u00edlio na precifica\u00e7\u00e3o; aux\u00edlio no controle dos pedidos; aux\u00edlio em processos industriais; aux\u00edlio na compra de mat\u00e9ria-prima; aux\u00edlio na venda; redu\u00e7\u00e3o de desperd\u00edcio; e aumento de lucratividade.<\/span><\/p>\n<p style=\"text-align:start;\"><span style=\"color: rgb(51,66,85);background-color: rgb(252,252,252);font-size: 15px;font-family: -apple-system, BlinkMacSystemFont, \"Segoe UI\", Roboto, Oxygen-Sans, Ubuntu, Cantarell, \"Helvetica Neue\", sans-serif;\">Eventualmente o usu\u00e1rio poder\u00e1 sacrificar um pouco do objetivo de alcan\u00e7ar o melhor aproveitamento poss\u00edvel do material em troca de otimiza\u00e7\u00e3o do processo de corte, ou seja, o ganho de tempo no uso da m\u00e1quina de corte, da m\u00e3o de obra dispon\u00edvel para o trabalho, do tempo de estoque da mat\u00e9ria-prima, etc.<\/span>&nbsp;<\/p>\n","_links":{"self":[{"href":"https:\/\/cortecerto.com\/es\/wp-json\/wp\/v2\/glossaries\/202","targetHints":{"allow":["GET"]}}],"collection":[{"href":"https:\/\/cortecerto.com\/es\/wp-json\/wp\/v2\/glossaries"}],"about":[{"href":"https:\/\/cortecerto.com\/es\/wp-json\/wp\/v2\/taxonomies\/glossaries"}],"wp:post_type":[{"href":"https:\/\/cortecerto.com\/es\/wp-json\/wp\/v2\/docs?glossaries=202"}],"curies":[{"name":"wp","href":"https:\/\/api.w.org\/{rel}","templated":true}]}}