{"id":197,"count":0,"description":"","link":"https:\/\/cortecerto.com\/es\/glossary\/minichapas\/","name":"Minichapas","slug":"minichapas","taxonomy":"glossaries","parent":0,"meta":{"status":["1"],"order":["0"],"glossary_term_description":["<p style=\"text-align:start;\"><span style=\"color: rgb(51,66,85);background-color: rgb(252,252,252);font-size: 15px;font-family: -apple-system, BlinkMacSystemFont, \"Segoe UI\", Roboto, Oxygen-Sans, Ubuntu, Cantarell, \"Helvetica Neue\", sans-serif;\">Minichapas s\u00e3o representa\u00e7\u00f5es geralmente<\/span> <span style=\"color: rgb(51,66,85);background-color: rgb(252,252,252);font-size: 15px;font-family: -apple-system, BlinkMacSystemFont, \"Segoe UI\", Roboto, Oxygen-Sans, Ubuntu, Cantarell, \"Helvetica Neue\", sans-serif;\"><em>em escala<\/em><\/span> <span style=\"color: rgb(51,66,85);background-color: rgb(252,252,252);font-size: 15px;font-family: -apple-system, BlinkMacSystemFont, \"Segoe UI\", Roboto, Oxygen-Sans, Ubuntu, Cantarell, \"Helvetica Neue\", sans-serif;\">(ou seja, que mant\u00e9m as propor\u00e7\u00f5es das medidas) da chapa selecionada na planilha de estoque de materiais no Corte Certo. \u201cGeralmente\u201d porque pode haver casos (uma bobina, por exemplo) em que manter a propor\u00e7\u00e3o torna o desenho incompreens\u00edvel.<\/span><\/p>\n<p style=\"text-align:start;\"><span style=\"color: rgb(51,66,85);background-color: rgb(252,252,252);font-size: 15px;font-family: -apple-system, BlinkMacSystemFont, \"Segoe UI\", Roboto, Oxygen-Sans, Ubuntu, Cantarell, \"Helvetica Neue\", sans-serif;\">S\u00e3o \u00fateis para que o usu\u00e1rio possa conferir visualmente, uma a uma:<\/span><\/p>\n<ol>\n<li style=\"margin-left:0px;\"><span style=\"color: rgb(51,66,85);background-color: rgb(252,252,252);font-size: 15px;font-family: -apple-system, BlinkMacSystemFont, \"Segoe UI\", Roboto, Oxygen-Sans, Ubuntu, Cantarell, \"Helvetica Neue\", sans-serif;\">Se h\u00e1 algo de estranho nas propor\u00e7\u00f5es da chapa (pode ter havido erro de digita\u00e7\u00e3o nas medidas) e<\/span><\/li>\n<li style=\"margin-left:0px;\"><span style=\"color: rgb(51,66,85);background-color: rgb(252,252,252);font-size: 15px;font-family: -apple-system, BlinkMacSystemFont, \"Segoe UI\", Roboto, Oxygen-Sans, Ubuntu, Cantarell, \"Helvetica Neue\", sans-serif;\">Se a chapa foi registrada na<\/span> <span style=\"color: rgb(51,66,85);background-color: rgb(252,252,252);font-size: 15px;font-family: -apple-system, BlinkMacSystemFont, \"Segoe UI\", Roboto, Oxygen-Sans, Ubuntu, Cantarell, \"Helvetica Neue\", sans-serif;\"><em>posi\u00e7\u00e3o<\/em>desejada pelo usu\u00e1rio. (No exemplo, a posi\u00e7\u00e3o \u00e9 horizontal.)<\/span><\/li>\n<\/ol>\n<p style=\"text-align:start;\"><\/p>\n<img src=\"https:\/\/cortecerto.com\/wp-content\/uploads\/2014\/11\/MINICHAPAS-1.png\" alt=\"MINICHAPAS 1\" style=\"height: auto;width: \"\/>\n<p style=\"text-align:start;\">&nbsp;<\/p>\n<p style=\"text-align:start;\"><span style=\"color: rgb(51,66,85);background-color: rgb(252,252,252);font-size: 15px;font-family: -apple-system, BlinkMacSystemFont, \"Segoe UI\", Roboto, Oxygen-Sans, Ubuntu, Cantarell, \"Helvetica Neue\", sans-serif;\"><strong><em>Corre\u00e7\u00f5es<\/em><\/strong><\/span><\/p>\n<p style=\"text-align:start;\"><span style=\"color: rgb(51,66,85);background-color: rgb(252,252,252);font-size: 15px;font-family: -apple-system, BlinkMacSystemFont, \"Segoe UI\", Roboto, Oxygen-Sans, Ubuntu, Cantarell, \"Helvetica Neue\", sans-serif;\">Se a posi\u00e7\u00e3o n\u00e3o for a correta, basta inverter as medidas. Se for o caso de inverter a largura pela altura de<\/span> <span style=\"color: rgb(51,66,85);background-color: rgb(252,252,252);font-size: 15px;font-family: -apple-system, BlinkMacSystemFont, \"Segoe UI\", Roboto, Oxygen-Sans, Ubuntu, Cantarell, \"Helvetica Neue\", sans-serif;\"><em>todas<\/em><\/span> <span style=\"color: rgb(51,66,85);background-color: rgb(252,252,252);font-size: 15px;font-family: -apple-system, BlinkMacSystemFont, \"Segoe UI\", Roboto, Oxygen-Sans, Ubuntu, Cantarell, \"Helvetica Neue\", sans-serif;\">as linhas, clique sobre o t\u00edtulo largura e uma ferramenta ser\u00e1 aberta para fazer isso instantaneamente.<\/span><\/p>\n<p style=\"text-align:start;\"><\/p>\n<img src=\"https:\/\/cortecerto.com\/wp-content\/uploads\/2014\/11\/MINICHAPAS-2.png\" alt=\"MINICHAPAS 2\" style=\"height: auto;width: \"\/>\n<p style=\"text-align:start;\"><\/p>\n<div style=\"text-align:left;\"><img src=\"https:\/\/cortecerto.com\/wp-content\/uploads\/2014\/11\/MINICHAPAS-3.png\" alt=\"MINICHAPAS 3\" style=\"height: auto;width: \"\/><\/div>\n<p style=\"text-align:start;\">&nbsp;<\/p>\n<p style=\"text-align:start;\"><span style=\"color: rgb(51,66,85);background-color: rgb(252,252,252);font-size: 15px;font-family: -apple-system, BlinkMacSystemFont, \"Segoe UI\", Roboto, Oxygen-Sans, Ubuntu, Cantarell, \"Helvetica Neue\", sans-serif;\">Veja tamb\u00e9m:<\/span> <a href=\"https:\/\/cortecerto.com\/?p=12426\" target=\"_self\"><span style=\"color: var(--ast-global-color-0);background-color: transparent;font-size: 15px;font-family: -apple-system, BlinkMacSystemFont, \"Segoe UI\", Roboto, Oxygen-Sans, Ubuntu, Cantarell, \"Helvetica Neue\", sans-serif;\"><ins>Minipe\u00e7as<\/ins><\/span><\/a>&nbsp;<\/p>\n"]},"yoast_head":"<!-- This site is optimized with the Yoast SEO plugin v27.5 - https:\/\/yoast.com\/product\/yoast-seo-wordpress\/ -->\n<title>Minichapas archivos - Corte Certo - Software para Otimiza\u00e7\u00e3o de Planos de Corte<\/title>\n<meta name=\"robots\" content=\"index, follow, max-snippet:-1, max-image-preview:large, max-video-preview:-1\" \/>\n<link rel=\"canonical\" href=\"https:\/\/cortecerto.com\/es\/glossary\/minichapas\/\" \/>\n<meta property=\"og:locale\" content=\"es_ES\" \/>\n<meta property=\"og:type\" content=\"article\" \/>\n<meta property=\"og:title\" content=\"Minichapas archivos - Corte Certo - Software para Otimiza\u00e7\u00e3o de Planos de Corte\" \/>\n<meta property=\"og:url\" content=\"https:\/\/cortecerto.com\/es\/glossary\/minichapas\/\" \/>\n<meta property=\"og:site_name\" content=\"Corte Certo - Software para Otimiza\u00e7\u00e3o de Planos de Corte\" \/>\n<meta name=\"twitter:card\" content=\"summary_large_image\" \/>\n<script type=\"application\/ld+json\" class=\"yoast-schema-graph\">{\"@context\":\"https:\\\/\\\/schema.org\",\"@graph\":[{\"@type\":\"CollectionPage\",\"@id\":\"https:\\\/\\\/cortecerto.com\\\/es\\\/glossary\\\/minichapas\\\/\",\"url\":\"https:\\\/\\\/cortecerto.com\\\/es\\\/glossary\\\/minichapas\\\/\",\"name\":\"Minichapas archivos - Corte Certo - Software para Otimiza\u00e7\u00e3o de Planos de Corte\",\"isPartOf\":{\"@id\":\"https:\\\/\\\/cortecerto.com\\\/es\\\/#website\"},\"breadcrumb\":{\"@id\":\"https:\\\/\\\/cortecerto.com\\\/es\\\/glossary\\\/minichapas\\\/#breadcrumb\"},\"inLanguage\":\"es\"},{\"@type\":\"BreadcrumbList\",\"@id\":\"https:\\\/\\\/cortecerto.com\\\/es\\\/glossary\\\/minichapas\\\/#breadcrumb\",\"itemListElement\":[{\"@type\":\"ListItem\",\"position\":1,\"name\":\"In\u00edcio\",\"item\":\"https:\\\/\\\/cortecerto.com\\\/es\\\/\"},{\"@type\":\"ListItem\",\"position\":2,\"name\":\"Minichapas\"}]},{\"@type\":\"WebSite\",\"@id\":\"https:\\\/\\\/cortecerto.com\\\/es\\\/#website\",\"url\":\"https:\\\/\\\/cortecerto.com\\\/es\\\/\",\"name\":\"Corte Certo - Software para Otimiza\u00e7\u00e3o de Planos de Corte\",\"description\":\"\",\"publisher\":{\"@id\":\"https:\\\/\\\/cortecerto.com\\\/es\\\/#organization\"},\"potentialAction\":[{\"@type\":\"SearchAction\",\"target\":{\"@type\":\"EntryPoint\",\"urlTemplate\":\"https:\\\/\\\/cortecerto.com\\\/es\\\/?s={search_term_string}\"},\"query-input\":{\"@type\":\"PropertyValueSpecification\",\"valueRequired\":true,\"valueName\":\"search_term_string\"}}],\"inLanguage\":\"es\"},{\"@type\":\"Organization\",\"@id\":\"https:\\\/\\\/cortecerto.com\\\/es\\\/#organization\",\"name\":\"Corte Certo - Software para Otimiza\u00e7\u00e3o de Planos de Corte\",\"url\":\"https:\\\/\\\/cortecerto.com\\\/es\\\/\",\"logo\":{\"@type\":\"ImageObject\",\"inLanguage\":\"es\",\"@id\":\"https:\\\/\\\/cortecerto.com\\\/es\\\/#\\\/schema\\\/logo\\\/image\\\/\",\"url\":\"https:\\\/\\\/cortecerto.com\\\/wp-content\\\/uploads\\\/2022\\\/10\\\/logo-corte-certo-branco.png\",\"contentUrl\":\"https:\\\/\\\/cortecerto.com\\\/wp-content\\\/uploads\\\/2022\\\/10\\\/logo-corte-certo-branco.png\",\"width\":2560,\"height\":293,\"caption\":\"Corte Certo - Software para Otimiza\u00e7\u00e3o de Planos de Corte\"},\"image\":{\"@id\":\"https:\\\/\\\/cortecerto.com\\\/es\\\/#\\\/schema\\\/logo\\\/image\\\/\"}}]}<\/script>\n<!-- \/ Yoast SEO plugin. -->","yoast_head_json":{"title":"Minichapas archivos - Corte Certo - Software para Otimiza\u00e7\u00e3o de Planos de Corte","robots":{"index":"index","follow":"follow","max-snippet":"max-snippet:-1","max-image-preview":"max-image-preview:large","max-video-preview":"max-video-preview:-1"},"canonical":"https:\/\/cortecerto.com\/es\/glossary\/minichapas\/","og_locale":"es_ES","og_type":"article","og_title":"Minichapas archivos - Corte Certo - Software para Otimiza\u00e7\u00e3o de Planos de Corte","og_url":"https:\/\/cortecerto.com\/es\/glossary\/minichapas\/","og_site_name":"Corte Certo - Software para Otimiza\u00e7\u00e3o de Planos de Corte","twitter_card":"summary_large_image","schema":{"@context":"https:\/\/schema.org","@graph":[{"@type":"CollectionPage","@id":"https:\/\/cortecerto.com\/es\/glossary\/minichapas\/","url":"https:\/\/cortecerto.com\/es\/glossary\/minichapas\/","name":"Minichapas archivos - Corte Certo - Software para Otimiza\u00e7\u00e3o de Planos de Corte","isPartOf":{"@id":"https:\/\/cortecerto.com\/es\/#website"},"breadcrumb":{"@id":"https:\/\/cortecerto.com\/es\/glossary\/minichapas\/#breadcrumb"},"inLanguage":"es"},{"@type":"BreadcrumbList","@id":"https:\/\/cortecerto.com\/es\/glossary\/minichapas\/#breadcrumb","itemListElement":[{"@type":"ListItem","position":1,"name":"In\u00edcio","item":"https:\/\/cortecerto.com\/es\/"},{"@type":"ListItem","position":2,"name":"Minichapas"}]},{"@type":"WebSite","@id":"https:\/\/cortecerto.com\/es\/#website","url":"https:\/\/cortecerto.com\/es\/","name":"Corte Certo - Software para Otimiza\u00e7\u00e3o de Planos de Corte","description":"","publisher":{"@id":"https:\/\/cortecerto.com\/es\/#organization"},"potentialAction":[{"@type":"SearchAction","target":{"@type":"EntryPoint","urlTemplate":"https:\/\/cortecerto.com\/es\/?s={search_term_string}"},"query-input":{"@type":"PropertyValueSpecification","valueRequired":true,"valueName":"search_term_string"}}],"inLanguage":"es"},{"@type":"Organization","@id":"https:\/\/cortecerto.com\/es\/#organization","name":"Corte Certo - Software para Otimiza\u00e7\u00e3o de Planos de Corte","url":"https:\/\/cortecerto.com\/es\/","logo":{"@type":"ImageObject","inLanguage":"es","@id":"https:\/\/cortecerto.com\/es\/#\/schema\/logo\/image\/","url":"https:\/\/cortecerto.com\/wp-content\/uploads\/2022\/10\/logo-corte-certo-branco.png","contentUrl":"https:\/\/cortecerto.com\/wp-content\/uploads\/2022\/10\/logo-corte-certo-branco.png","width":2560,"height":293,"caption":"Corte Certo - Software para Otimiza\u00e7\u00e3o de Planos de Corte"},"image":{"@id":"https:\/\/cortecerto.com\/es\/#\/schema\/logo\/image\/"}}]}},"glossary_term_description":"<p style=\"text-align:start;\"><span style=\"color: rgb(51,66,85);background-color: rgb(252,252,252);font-size: 15px;font-family: -apple-system, BlinkMacSystemFont, \"Segoe UI\", Roboto, Oxygen-Sans, Ubuntu, Cantarell, \"Helvetica Neue\", sans-serif;\">Minichapas s\u00e3o representa\u00e7\u00f5es geralmente<\/span> <span style=\"color: rgb(51,66,85);background-color: rgb(252,252,252);font-size: 15px;font-family: -apple-system, BlinkMacSystemFont, \"Segoe UI\", Roboto, Oxygen-Sans, Ubuntu, Cantarell, \"Helvetica Neue\", sans-serif;\"><em>em escala<\/em><\/span> <span style=\"color: rgb(51,66,85);background-color: rgb(252,252,252);font-size: 15px;font-family: -apple-system, BlinkMacSystemFont, \"Segoe UI\", Roboto, Oxygen-Sans, Ubuntu, Cantarell, \"Helvetica Neue\", sans-serif;\">(ou seja, que mant\u00e9m as propor\u00e7\u00f5es das medidas) da chapa selecionada na planilha de estoque de materiais no Corte Certo. \u201cGeralmente\u201d porque pode haver casos (uma bobina, por exemplo) em que manter a propor\u00e7\u00e3o torna o desenho incompreens\u00edvel.<\/span><\/p>\n<p style=\"text-align:start;\"><span style=\"color: rgb(51,66,85);background-color: rgb(252,252,252);font-size: 15px;font-family: -apple-system, BlinkMacSystemFont, \"Segoe UI\", Roboto, Oxygen-Sans, Ubuntu, Cantarell, \"Helvetica Neue\", sans-serif;\">S\u00e3o \u00fateis para que o usu\u00e1rio possa conferir visualmente, uma a uma:<\/span><\/p>\n<ol>\n<li style=\"margin-left:0px;\"><span style=\"color: rgb(51,66,85);background-color: rgb(252,252,252);font-size: 15px;font-family: -apple-system, BlinkMacSystemFont, \"Segoe UI\", Roboto, Oxygen-Sans, Ubuntu, Cantarell, \"Helvetica Neue\", sans-serif;\">Se h\u00e1 algo de estranho nas propor\u00e7\u00f5es da chapa (pode ter havido erro de digita\u00e7\u00e3o nas medidas) e<\/span><\/li>\n<li style=\"margin-left:0px;\"><span style=\"color: rgb(51,66,85);background-color: rgb(252,252,252);font-size: 15px;font-family: -apple-system, BlinkMacSystemFont, \"Segoe UI\", Roboto, Oxygen-Sans, Ubuntu, Cantarell, \"Helvetica Neue\", sans-serif;\">Se a chapa foi registrada na<\/span> <span style=\"color: rgb(51,66,85);background-color: rgb(252,252,252);font-size: 15px;font-family: -apple-system, BlinkMacSystemFont, \"Segoe UI\", Roboto, Oxygen-Sans, Ubuntu, Cantarell, \"Helvetica Neue\", sans-serif;\"><em>posi\u00e7\u00e3o<\/em>desejada pelo usu\u00e1rio. (No exemplo, a posi\u00e7\u00e3o \u00e9 horizontal.)<\/span><\/li>\n<\/ol>\n<p style=\"text-align:start;\"><\/p>\n<img src=\"https:\/\/cortecerto.com\/wp-content\/uploads\/2014\/11\/MINICHAPAS-1.png\" alt=\"MINICHAPAS 1\" style=\"height: auto;width: \"\/>\n<p style=\"text-align:start;\">&nbsp;<\/p>\n<p style=\"text-align:start;\"><span style=\"color: rgb(51,66,85);background-color: rgb(252,252,252);font-size: 15px;font-family: -apple-system, BlinkMacSystemFont, \"Segoe UI\", Roboto, Oxygen-Sans, Ubuntu, Cantarell, \"Helvetica Neue\", sans-serif;\"><strong><em>Corre\u00e7\u00f5es<\/em><\/strong><\/span><\/p>\n<p style=\"text-align:start;\"><span style=\"color: rgb(51,66,85);background-color: rgb(252,252,252);font-size: 15px;font-family: -apple-system, BlinkMacSystemFont, \"Segoe UI\", Roboto, Oxygen-Sans, Ubuntu, Cantarell, \"Helvetica Neue\", sans-serif;\">Se a posi\u00e7\u00e3o n\u00e3o for a correta, basta inverter as medidas. Se for o caso de inverter a largura pela altura de<\/span> <span style=\"color: rgb(51,66,85);background-color: rgb(252,252,252);font-size: 15px;font-family: -apple-system, BlinkMacSystemFont, \"Segoe UI\", Roboto, Oxygen-Sans, Ubuntu, Cantarell, \"Helvetica Neue\", sans-serif;\"><em>todas<\/em><\/span> <span style=\"color: rgb(51,66,85);background-color: rgb(252,252,252);font-size: 15px;font-family: -apple-system, BlinkMacSystemFont, \"Segoe UI\", Roboto, Oxygen-Sans, Ubuntu, Cantarell, \"Helvetica Neue\", sans-serif;\">as linhas, clique sobre o t\u00edtulo largura e uma ferramenta ser\u00e1 aberta para fazer isso instantaneamente.<\/span><\/p>\n<p style=\"text-align:start;\"><\/p>\n<img src=\"https:\/\/cortecerto.com\/wp-content\/uploads\/2014\/11\/MINICHAPAS-2.png\" alt=\"MINICHAPAS 2\" style=\"height: auto;width: \"\/>\n<p style=\"text-align:start;\"><\/p>\n<div style=\"text-align:left;\"><img src=\"https:\/\/cortecerto.com\/wp-content\/uploads\/2014\/11\/MINICHAPAS-3.png\" alt=\"MINICHAPAS 3\" style=\"height: auto;width: \"\/><\/div>\n<p style=\"text-align:start;\">&nbsp;<\/p>\n<p style=\"text-align:start;\"><span style=\"color: rgb(51,66,85);background-color: rgb(252,252,252);font-size: 15px;font-family: -apple-system, BlinkMacSystemFont, \"Segoe UI\", Roboto, Oxygen-Sans, Ubuntu, Cantarell, \"Helvetica Neue\", sans-serif;\">Veja tamb\u00e9m:<\/span> <a href=\"https:\/\/cortecerto.com\/?p=12426\" target=\"_self\"><span style=\"color: var(--ast-global-color-0);background-color: transparent;font-size: 15px;font-family: -apple-system, BlinkMacSystemFont, \"Segoe UI\", Roboto, Oxygen-Sans, Ubuntu, Cantarell, \"Helvetica Neue\", sans-serif;\"><ins>Minipe\u00e7as<\/ins><\/span><\/a>&nbsp;<\/p>\n","_links":{"self":[{"href":"https:\/\/cortecerto.com\/es\/wp-json\/wp\/v2\/glossaries\/197","targetHints":{"allow":["GET"]}}],"collection":[{"href":"https:\/\/cortecerto.com\/es\/wp-json\/wp\/v2\/glossaries"}],"about":[{"href":"https:\/\/cortecerto.com\/es\/wp-json\/wp\/v2\/taxonomies\/glossaries"}],"wp:post_type":[{"href":"https:\/\/cortecerto.com\/es\/wp-json\/wp\/v2\/docs?glossaries=197"}],"curies":[{"name":"wp","href":"https:\/\/api.w.org\/{rel}","templated":true}]}}