{"id":191,"count":0,"description":"","link":"https:\/\/cortecerto.com\/es\/glossary\/janela\/","name":"Janela","slug":"janela","taxonomy":"glossaries","parent":0,"meta":{"status":["1"],"order":["0"],"glossary_term_description":["<p style=\"text-align:start;\"><span style=\"color: rgb(51,66,85);background-color: rgb(252,252,252);font-size: 15px;font-family: -apple-system, BlinkMacSystemFont, \"Segoe UI\", Roboto, Oxygen-Sans, Ubuntu, Cantarell, \"Helvetica Neue\", sans-serif;\">Dentre as v\u00e1rias met\u00e1foras visuais que tornam mais f\u00e1cil ao usu\u00e1rio interagir com o software, as janelas est\u00e3o entre as mais importantes.<\/span><\/p>\n<p style=\"text-align:start;\"><span style=\"color: rgb(51,66,85);background-color: rgb(252,252,252);font-size: 15px;font-family: -apple-system, BlinkMacSystemFont, \"Segoe UI\", Roboto, Oxygen-Sans, Ubuntu, Cantarell, \"Helvetica Neue\", sans-serif;\">Podem ser definidas como \u00e1reas visuais, quase sempre retangulares, que permitem ao usu\u00e1rio dar entrada ou a ter acesso a dados. Para isso, as janelas podem dispor de v\u00e1rias ferramentas, tais como bot\u00f5es, barra de rolagem, \u00edcones, menus, etc.<\/span><\/p>\n<p style=\"text-align:start;\"><span style=\"color: rgb(51,66,85);background-color: rgb(252,252,252);font-size: 15px;font-family: -apple-system, BlinkMacSystemFont, \"Segoe UI\", Roboto, Oxygen-Sans, Ubuntu, Cantarell, \"Helvetica Neue\", sans-serif;\">Exemplo de janela do Corte Certo:<\/span><\/p>\n<p style=\"text-align:start;\"><\/p>\n<img src=\"https:\/\/cortecerto.com\/wp-content\/uploads\/2014\/11\/janela-novo.jpg\" alt=\"janela novo\" style=\"height: auto;width: \"\/>\n<p style=\"text-align:start;\"><span style=\"color: rgb(51,66,85);background-color: rgb(252,252,252);font-size: 15px;font-family: -apple-system, BlinkMacSystemFont, \"Segoe UI\", Roboto, Oxygen-Sans, Ubuntu, Cantarell, \"Helvetica Neue\", sans-serif;\">A tend\u00eancia a associar as janelas (<em>windows<\/em>, em ingl\u00eas) com a Microsoft \u00e9 natural, mas elas foram apresentadas comercialmente, pela primeira vez, no Macintosh, produzido pela Apple. Isso foi em 1984. As janelas da Microsoft s\u00f3 apareceram com o Windows 1.0 no final de 1985, mas elas ainda n\u00e3o podiam se sobrepor, nem havia \u00edcones. Essas melhorias s\u00f3 apareceram no Windows dois anos depois.<\/span><\/p>\n<p style=\"text-align:start;\"><span style=\"color: rgb(51,66,85);background-color: rgb(252,252,252);font-size: 15px;font-family: -apple-system, BlinkMacSystemFont, \"Segoe UI\", Roboto, Oxygen-Sans, Ubuntu, Cantarell, \"Helvetica Neue\", sans-serif;\">Nesse in\u00edcio, o termo Tela era aplicado apenas para as janelas que ocupavam toda a \u00e1rea do monitor e, mesmo agora, guarda muito desse sentido, quando se fala na \u201ctela inicial\u201d do programa. Sites como os do Corte Certo geralmente reservam um espa\u00e7o para a exposi\u00e7\u00e3o de imagens que possam dar uma ideia geral das funcionalidades do programa. Essas imagens s\u00e3o quase sempre chamadas de telas (at\u00e9 porque quase sempre usam tela completa) embora possam tamb\u00e9m ser constitu\u00eddas de superf\u00edcies menores, mais t\u00edpicas do que costumamos entender por janelas.<\/span><\/p>\n<p style=\"text-align:start;\"><span style=\"color: rgb(51,66,85);background-color: rgb(252,252,252);font-size: 15px;font-family: -apple-system, BlinkMacSystemFont, \"Segoe UI\", Roboto, Oxygen-Sans, Ubuntu, Cantarell, \"Helvetica Neue\", sans-serif;\">De qualquer modo, aparentemente, hoje ambas s\u00e3o usadas como sin\u00f4nimas em v\u00e1rias situa\u00e7\u00f5es. Instru\u00e7\u00f5es como \u201cClique para abrir a\u00a0<em>tela de Ajuda<\/em>\u201d s\u00e3o mais que usuais.<\/span><\/p>\n<h3 style=\"text-align:start;\"><span style=\"color: var(--ast-global-color-2);background-color: rgb(252,252,252);font-size: 1.73333rem;font-family: -apple-system, BlinkMacSystemFont, \"Segoe UI\", Roboto, Oxygen-Sans, Ubuntu, Cantarell, \"Helvetica Neue\", sans-serif;\"><strong>Principais tipos de Janelas:<\/strong><\/span><\/h3>\n<p style=\"text-align:start;\"><span style=\"color: rgb(51,66,85);background-color: rgb(252,252,252);font-size: 15px;font-family: -apple-system, BlinkMacSystemFont, \"Segoe UI\", Roboto, Oxygen-Sans, Ubuntu, Cantarell, \"Helvetica Neue\", sans-serif;\"><strong>Janela prim\u00e1ria (ou\u00a0<\/strong><strong><em>M\u00e3e<\/em><\/strong><strong>\u00a0ou de\u00a0<\/strong><strong><em>aplicativo<\/em><\/strong><strong>)<\/strong>\u00a0\u2013 \u00c9 a do tipo mais comum, a que voc\u00ea v\u00ea logo ao abrir um software. Esta do bloco de notas \u00e9 um bom exemplo, porque apresenta todos os elementos b\u00e1sicos:<\/span><\/p>\n<p style=\"text-align:start;\"><\/p>\n<img src=\"https:\/\/cortecerto.com\/wp-content\/uploads\/2014\/11\/janela-2.png\" alt=\"janela 2\" style=\"height: auto;width: \"\/>\n<p style=\"text-align:start;\"><span style=\"color: rgb(51,66,85);background-color: rgb(252,252,252);font-size: 15px;font-family: -apple-system, BlinkMacSystemFont, \"Segoe UI\", Roboto, Oxygen-Sans, Ubuntu, Cantarell, \"Helvetica Neue\", sans-serif;\"><strong>Janela secund\u00e1ria (ou\u00a0<\/strong><strong><em>Filho<\/em><\/strong><strong>\u00a0ou de\u00a0<\/strong><strong><em>documento<\/em><\/strong><strong>)<\/strong>\u00a0\u2013 \u00c9 uma janela exibida dentro de uma janela prim\u00e1ria. No exemplo acima, do Bloco de notas, um \u201cNovo\u201d documento se confunde em uma \u00fanica janela com a do aplicativo, pois se fechamos o documento, tamb\u00e9m a de aplicativo se fecha. Mas, \u00e9 poss\u00edvel, em Arquivo&gt;Abrir, trocar esses documentos a serem trabalhados.<\/span><\/p>\n<p style=\"text-align:start;\"><span style=\"color: rgb(51,66,85);background-color: rgb(252,252,252);font-size: 15px;font-family: -apple-system, BlinkMacSystemFont, \"Segoe UI\", Roboto, Oxygen-Sans, Ubuntu, Cantarell, \"Helvetica Neue\", sans-serif;\">No Corte Certo a janela de documento \u00e9 tamb\u00e9m a\u00a0<strong>Janela de Visualiza\u00e7\u00e3o<\/strong>. \u00c9, ao mesmo tempo, a janela que apresenta o resultado do c\u00e1lculo e a \u00e1rea com todas as ferramentas para o trabalho de p\u00f3s-edi\u00e7\u00e3o, se necess\u00e1rio:<\/span><\/p>\n<p style=\"text-align:start;\">&nbsp;<\/p>\n<p style=\"text-align:start;\"><\/p>\n<img src=\"https:\/\/cortecerto.com\/wp-content\/uploads\/2014\/11\/janela-3.jpg\" alt=\"janela 3\" style=\"height: auto;width: \"\/>\n<p style=\"text-align:start;\"><span style=\"color: rgb(51,66,85);background-color: rgb(252,252,252);font-size: 15px;font-family: -apple-system, BlinkMacSystemFont, \"Segoe UI\", Roboto, Oxygen-Sans, Ubuntu, Cantarell, \"Helvetica Neue\", sans-serif;\"><strong>Janelas de di\u00e1logo<\/strong>\u00a0\u2013 Tamb\u00e9m chamadas de\u00a0<em>caixas de di\u00e1logo<\/em>. Pode alertar para algum problema. No Corte Certo, por exemplo, uma delas se abre automaticamente se n\u00e3o houver chapas em n\u00famero suficiente no estoque para o c\u00e1lculo desejado. Esta outra avisa sobre o que vai acontecer caso queira manter a op\u00e7\u00e3o de \u201cAbreviar\u201d um c\u00e1lculo j\u00e1 iniciado:<\/span><\/p>\n<p style=\"text-align:start;\"><\/p>\n<img src=\"https:\/\/cortecerto.com\/wp-content\/uploads\/2014\/11\/janela-4.png\" alt=\"janela 4\" style=\"height: auto;width: \"\/>\n<p style=\"text-align:start;\"><span style=\"color: rgb(51,66,85);background-color: rgb(252,252,252);font-size: 15px;font-family: -apple-system, BlinkMacSystemFont, \"Segoe UI\", Roboto, Oxygen-Sans, Ubuntu, Cantarell, \"Helvetica Neue\", sans-serif;\">As janelas podem operar com o aux\u00edlio de outros elementos, eventualmente chamadas tamb\u00e9m de janelas, mas que n\u00e3o possuem as mesmas caracter\u00edsticas, tais como o\u00a0<strong><em>Baloom tip<\/em><\/strong>\u00a0(veja imagem abaixo),\u00a0<em>pop-ups, grids, preview,<\/em>\u00a0etc.<\/span><\/p>\n<p style=\"text-align:start;\"><\/p>\n<img src=\"https:\/\/cortecerto.com\/wp-content\/uploads\/2014\/11\/janela-5.png\" alt=\"janela 5\" style=\"height: auto;width: \"\/>\n<p style=\"text-align:start;\">&nbsp;&nbsp;<\/p>\n"]},"yoast_head":"<!-- This site is optimized with the Yoast SEO plugin v27.5 - https:\/\/yoast.com\/product\/yoast-seo-wordpress\/ -->\n<title>Janela archivos - Corte Certo - Software para Otimiza\u00e7\u00e3o de Planos de Corte<\/title>\n<meta name=\"robots\" content=\"index, follow, max-snippet:-1, max-image-preview:large, max-video-preview:-1\" \/>\n<link rel=\"canonical\" href=\"https:\/\/cortecerto.com\/es\/glossary\/janela\/\" \/>\n<meta property=\"og:locale\" content=\"es_ES\" \/>\n<meta property=\"og:type\" content=\"article\" \/>\n<meta property=\"og:title\" content=\"Janela archivos - Corte Certo - Software para Otimiza\u00e7\u00e3o de Planos de Corte\" \/>\n<meta property=\"og:url\" content=\"https:\/\/cortecerto.com\/es\/glossary\/janela\/\" \/>\n<meta property=\"og:site_name\" content=\"Corte Certo - Software para Otimiza\u00e7\u00e3o de Planos de Corte\" \/>\n<meta name=\"twitter:card\" content=\"summary_large_image\" \/>\n<script type=\"application\/ld+json\" class=\"yoast-schema-graph\">{\"@context\":\"https:\\\/\\\/schema.org\",\"@graph\":[{\"@type\":\"CollectionPage\",\"@id\":\"https:\\\/\\\/cortecerto.com\\\/es\\\/glossary\\\/janela\\\/\",\"url\":\"https:\\\/\\\/cortecerto.com\\\/es\\\/glossary\\\/janela\\\/\",\"name\":\"Janela archivos - Corte Certo - Software para Otimiza\u00e7\u00e3o de Planos de Corte\",\"isPartOf\":{\"@id\":\"https:\\\/\\\/cortecerto.com\\\/es\\\/#website\"},\"breadcrumb\":{\"@id\":\"https:\\\/\\\/cortecerto.com\\\/es\\\/glossary\\\/janela\\\/#breadcrumb\"},\"inLanguage\":\"es\"},{\"@type\":\"BreadcrumbList\",\"@id\":\"https:\\\/\\\/cortecerto.com\\\/es\\\/glossary\\\/janela\\\/#breadcrumb\",\"itemListElement\":[{\"@type\":\"ListItem\",\"position\":1,\"name\":\"In\u00edcio\",\"item\":\"https:\\\/\\\/cortecerto.com\\\/es\\\/\"},{\"@type\":\"ListItem\",\"position\":2,\"name\":\"Janela\"}]},{\"@type\":\"WebSite\",\"@id\":\"https:\\\/\\\/cortecerto.com\\\/es\\\/#website\",\"url\":\"https:\\\/\\\/cortecerto.com\\\/es\\\/\",\"name\":\"Corte Certo - Software para Otimiza\u00e7\u00e3o de Planos de Corte\",\"description\":\"\",\"publisher\":{\"@id\":\"https:\\\/\\\/cortecerto.com\\\/es\\\/#organization\"},\"potentialAction\":[{\"@type\":\"SearchAction\",\"target\":{\"@type\":\"EntryPoint\",\"urlTemplate\":\"https:\\\/\\\/cortecerto.com\\\/es\\\/?s={search_term_string}\"},\"query-input\":{\"@type\":\"PropertyValueSpecification\",\"valueRequired\":true,\"valueName\":\"search_term_string\"}}],\"inLanguage\":\"es\"},{\"@type\":\"Organization\",\"@id\":\"https:\\\/\\\/cortecerto.com\\\/es\\\/#organization\",\"name\":\"Corte Certo - Software para Otimiza\u00e7\u00e3o de Planos de Corte\",\"url\":\"https:\\\/\\\/cortecerto.com\\\/es\\\/\",\"logo\":{\"@type\":\"ImageObject\",\"inLanguage\":\"es\",\"@id\":\"https:\\\/\\\/cortecerto.com\\\/es\\\/#\\\/schema\\\/logo\\\/image\\\/\",\"url\":\"https:\\\/\\\/cortecerto.com\\\/wp-content\\\/uploads\\\/2022\\\/10\\\/logo-corte-certo-branco.png\",\"contentUrl\":\"https:\\\/\\\/cortecerto.com\\\/wp-content\\\/uploads\\\/2022\\\/10\\\/logo-corte-certo-branco.png\",\"width\":2560,\"height\":293,\"caption\":\"Corte Certo - Software para Otimiza\u00e7\u00e3o de Planos de Corte\"},\"image\":{\"@id\":\"https:\\\/\\\/cortecerto.com\\\/es\\\/#\\\/schema\\\/logo\\\/image\\\/\"}}]}<\/script>\n<!-- \/ Yoast SEO plugin. -->","yoast_head_json":{"title":"Janela archivos - Corte Certo - Software para Otimiza\u00e7\u00e3o de Planos de Corte","robots":{"index":"index","follow":"follow","max-snippet":"max-snippet:-1","max-image-preview":"max-image-preview:large","max-video-preview":"max-video-preview:-1"},"canonical":"https:\/\/cortecerto.com\/es\/glossary\/janela\/","og_locale":"es_ES","og_type":"article","og_title":"Janela archivos - Corte Certo - Software para Otimiza\u00e7\u00e3o de Planos de Corte","og_url":"https:\/\/cortecerto.com\/es\/glossary\/janela\/","og_site_name":"Corte Certo - Software para Otimiza\u00e7\u00e3o de Planos de Corte","twitter_card":"summary_large_image","schema":{"@context":"https:\/\/schema.org","@graph":[{"@type":"CollectionPage","@id":"https:\/\/cortecerto.com\/es\/glossary\/janela\/","url":"https:\/\/cortecerto.com\/es\/glossary\/janela\/","name":"Janela archivos - Corte Certo - Software para Otimiza\u00e7\u00e3o de Planos de Corte","isPartOf":{"@id":"https:\/\/cortecerto.com\/es\/#website"},"breadcrumb":{"@id":"https:\/\/cortecerto.com\/es\/glossary\/janela\/#breadcrumb"},"inLanguage":"es"},{"@type":"BreadcrumbList","@id":"https:\/\/cortecerto.com\/es\/glossary\/janela\/#breadcrumb","itemListElement":[{"@type":"ListItem","position":1,"name":"In\u00edcio","item":"https:\/\/cortecerto.com\/es\/"},{"@type":"ListItem","position":2,"name":"Janela"}]},{"@type":"WebSite","@id":"https:\/\/cortecerto.com\/es\/#website","url":"https:\/\/cortecerto.com\/es\/","name":"Corte Certo - Software para Otimiza\u00e7\u00e3o de Planos de Corte","description":"","publisher":{"@id":"https:\/\/cortecerto.com\/es\/#organization"},"potentialAction":[{"@type":"SearchAction","target":{"@type":"EntryPoint","urlTemplate":"https:\/\/cortecerto.com\/es\/?s={search_term_string}"},"query-input":{"@type":"PropertyValueSpecification","valueRequired":true,"valueName":"search_term_string"}}],"inLanguage":"es"},{"@type":"Organization","@id":"https:\/\/cortecerto.com\/es\/#organization","name":"Corte Certo - Software para Otimiza\u00e7\u00e3o de Planos de Corte","url":"https:\/\/cortecerto.com\/es\/","logo":{"@type":"ImageObject","inLanguage":"es","@id":"https:\/\/cortecerto.com\/es\/#\/schema\/logo\/image\/","url":"https:\/\/cortecerto.com\/wp-content\/uploads\/2022\/10\/logo-corte-certo-branco.png","contentUrl":"https:\/\/cortecerto.com\/wp-content\/uploads\/2022\/10\/logo-corte-certo-branco.png","width":2560,"height":293,"caption":"Corte Certo - Software para Otimiza\u00e7\u00e3o de Planos de Corte"},"image":{"@id":"https:\/\/cortecerto.com\/es\/#\/schema\/logo\/image\/"}}]}},"glossary_term_description":"<p style=\"text-align:start;\"><span style=\"color: rgb(51,66,85);background-color: rgb(252,252,252);font-size: 15px;font-family: -apple-system, BlinkMacSystemFont, \"Segoe UI\", Roboto, Oxygen-Sans, Ubuntu, Cantarell, \"Helvetica Neue\", sans-serif;\">Dentre as v\u00e1rias met\u00e1foras visuais que tornam mais f\u00e1cil ao usu\u00e1rio interagir com o software, as janelas est\u00e3o entre as mais importantes.<\/span><\/p>\n<p style=\"text-align:start;\"><span style=\"color: rgb(51,66,85);background-color: rgb(252,252,252);font-size: 15px;font-family: -apple-system, BlinkMacSystemFont, \"Segoe UI\", Roboto, Oxygen-Sans, Ubuntu, Cantarell, \"Helvetica Neue\", sans-serif;\">Podem ser definidas como \u00e1reas visuais, quase sempre retangulares, que permitem ao usu\u00e1rio dar entrada ou a ter acesso a dados. Para isso, as janelas podem dispor de v\u00e1rias ferramentas, tais como bot\u00f5es, barra de rolagem, \u00edcones, menus, etc.<\/span><\/p>\n<p style=\"text-align:start;\"><span style=\"color: rgb(51,66,85);background-color: rgb(252,252,252);font-size: 15px;font-family: -apple-system, BlinkMacSystemFont, \"Segoe UI\", Roboto, Oxygen-Sans, Ubuntu, Cantarell, \"Helvetica Neue\", sans-serif;\">Exemplo de janela do Corte Certo:<\/span><\/p>\n<p style=\"text-align:start;\"><\/p>\n<img src=\"https:\/\/cortecerto.com\/wp-content\/uploads\/2014\/11\/janela-novo.jpg\" alt=\"janela novo\" style=\"height: auto;width: \"\/>\n<p style=\"text-align:start;\"><span style=\"color: rgb(51,66,85);background-color: rgb(252,252,252);font-size: 15px;font-family: -apple-system, BlinkMacSystemFont, \"Segoe UI\", Roboto, Oxygen-Sans, Ubuntu, Cantarell, \"Helvetica Neue\", sans-serif;\">A tend\u00eancia a associar as janelas (<em>windows<\/em>, em ingl\u00eas) com a Microsoft \u00e9 natural, mas elas foram apresentadas comercialmente, pela primeira vez, no Macintosh, produzido pela Apple. Isso foi em 1984. As janelas da Microsoft s\u00f3 apareceram com o Windows 1.0 no final de 1985, mas elas ainda n\u00e3o podiam se sobrepor, nem havia \u00edcones. Essas melhorias s\u00f3 apareceram no Windows dois anos depois.<\/span><\/p>\n<p style=\"text-align:start;\"><span style=\"color: rgb(51,66,85);background-color: rgb(252,252,252);font-size: 15px;font-family: -apple-system, BlinkMacSystemFont, \"Segoe UI\", Roboto, Oxygen-Sans, Ubuntu, Cantarell, \"Helvetica Neue\", sans-serif;\">Nesse in\u00edcio, o termo Tela era aplicado apenas para as janelas que ocupavam toda a \u00e1rea do monitor e, mesmo agora, guarda muito desse sentido, quando se fala na \u201ctela inicial\u201d do programa. Sites como os do Corte Certo geralmente reservam um espa\u00e7o para a exposi\u00e7\u00e3o de imagens que possam dar uma ideia geral das funcionalidades do programa. Essas imagens s\u00e3o quase sempre chamadas de telas (at\u00e9 porque quase sempre usam tela completa) embora possam tamb\u00e9m ser constitu\u00eddas de superf\u00edcies menores, mais t\u00edpicas do que costumamos entender por janelas.<\/span><\/p>\n<p style=\"text-align:start;\"><span style=\"color: rgb(51,66,85);background-color: rgb(252,252,252);font-size: 15px;font-family: -apple-system, BlinkMacSystemFont, \"Segoe UI\", Roboto, Oxygen-Sans, Ubuntu, Cantarell, \"Helvetica Neue\", sans-serif;\">De qualquer modo, aparentemente, hoje ambas s\u00e3o usadas como sin\u00f4nimas em v\u00e1rias situa\u00e7\u00f5es. Instru\u00e7\u00f5es como \u201cClique para abrir a\u00a0<em>tela de Ajuda<\/em>\u201d s\u00e3o mais que usuais.<\/span><\/p>\n<h3 style=\"text-align:start;\"><span style=\"color: var(--ast-global-color-2);background-color: rgb(252,252,252);font-size: 1.73333rem;font-family: -apple-system, BlinkMacSystemFont, \"Segoe UI\", Roboto, Oxygen-Sans, Ubuntu, Cantarell, \"Helvetica Neue\", sans-serif;\"><strong>Principais tipos de Janelas:<\/strong><\/span><\/h3>\n<p style=\"text-align:start;\"><span style=\"color: rgb(51,66,85);background-color: rgb(252,252,252);font-size: 15px;font-family: -apple-system, BlinkMacSystemFont, \"Segoe UI\", Roboto, Oxygen-Sans, Ubuntu, Cantarell, \"Helvetica Neue\", sans-serif;\"><strong>Janela prim\u00e1ria (ou\u00a0<\/strong><strong><em>M\u00e3e<\/em><\/strong><strong>\u00a0ou de\u00a0<\/strong><strong><em>aplicativo<\/em><\/strong><strong>)<\/strong>\u00a0\u2013 \u00c9 a do tipo mais comum, a que voc\u00ea v\u00ea logo ao abrir um software. Esta do bloco de notas \u00e9 um bom exemplo, porque apresenta todos os elementos b\u00e1sicos:<\/span><\/p>\n<p style=\"text-align:start;\"><\/p>\n<img src=\"https:\/\/cortecerto.com\/wp-content\/uploads\/2014\/11\/janela-2.png\" alt=\"janela 2\" style=\"height: auto;width: \"\/>\n<p style=\"text-align:start;\"><span style=\"color: rgb(51,66,85);background-color: rgb(252,252,252);font-size: 15px;font-family: -apple-system, BlinkMacSystemFont, \"Segoe UI\", Roboto, Oxygen-Sans, Ubuntu, Cantarell, \"Helvetica Neue\", sans-serif;\"><strong>Janela secund\u00e1ria (ou\u00a0<\/strong><strong><em>Filho<\/em><\/strong><strong>\u00a0ou de\u00a0<\/strong><strong><em>documento<\/em><\/strong><strong>)<\/strong>\u00a0\u2013 \u00c9 uma janela exibida dentro de uma janela prim\u00e1ria. No exemplo acima, do Bloco de notas, um \u201cNovo\u201d documento se confunde em uma \u00fanica janela com a do aplicativo, pois se fechamos o documento, tamb\u00e9m a de aplicativo se fecha. Mas, \u00e9 poss\u00edvel, em Arquivo&gt;Abrir, trocar esses documentos a serem trabalhados.<\/span><\/p>\n<p style=\"text-align:start;\"><span style=\"color: rgb(51,66,85);background-color: rgb(252,252,252);font-size: 15px;font-family: -apple-system, BlinkMacSystemFont, \"Segoe UI\", Roboto, Oxygen-Sans, Ubuntu, Cantarell, \"Helvetica Neue\", sans-serif;\">No Corte Certo a janela de documento \u00e9 tamb\u00e9m a\u00a0<strong>Janela de Visualiza\u00e7\u00e3o<\/strong>. \u00c9, ao mesmo tempo, a janela que apresenta o resultado do c\u00e1lculo e a \u00e1rea com todas as ferramentas para o trabalho de p\u00f3s-edi\u00e7\u00e3o, se necess\u00e1rio:<\/span><\/p>\n<p style=\"text-align:start;\">&nbsp;<\/p>\n<p style=\"text-align:start;\"><\/p>\n<img src=\"https:\/\/cortecerto.com\/wp-content\/uploads\/2014\/11\/janela-3.jpg\" alt=\"janela 3\" style=\"height: auto;width: \"\/>\n<p style=\"text-align:start;\"><span style=\"color: rgb(51,66,85);background-color: rgb(252,252,252);font-size: 15px;font-family: -apple-system, BlinkMacSystemFont, \"Segoe UI\", Roboto, Oxygen-Sans, Ubuntu, Cantarell, \"Helvetica Neue\", sans-serif;\"><strong>Janelas de di\u00e1logo<\/strong>\u00a0\u2013 Tamb\u00e9m chamadas de\u00a0<em>caixas de di\u00e1logo<\/em>. Pode alertar para algum problema. No Corte Certo, por exemplo, uma delas se abre automaticamente se n\u00e3o houver chapas em n\u00famero suficiente no estoque para o c\u00e1lculo desejado. Esta outra avisa sobre o que vai acontecer caso queira manter a op\u00e7\u00e3o de \u201cAbreviar\u201d um c\u00e1lculo j\u00e1 iniciado:<\/span><\/p>\n<p style=\"text-align:start;\"><\/p>\n<img src=\"https:\/\/cortecerto.com\/wp-content\/uploads\/2014\/11\/janela-4.png\" alt=\"janela 4\" style=\"height: auto;width: \"\/>\n<p style=\"text-align:start;\"><span style=\"color: rgb(51,66,85);background-color: rgb(252,252,252);font-size: 15px;font-family: -apple-system, BlinkMacSystemFont, \"Segoe UI\", Roboto, Oxygen-Sans, Ubuntu, Cantarell, \"Helvetica Neue\", sans-serif;\">As janelas podem operar com o aux\u00edlio de outros elementos, eventualmente chamadas tamb\u00e9m de janelas, mas que n\u00e3o possuem as mesmas caracter\u00edsticas, tais como o\u00a0<strong><em>Baloom tip<\/em><\/strong>\u00a0(veja imagem abaixo),\u00a0<em>pop-ups, grids, preview,<\/em>\u00a0etc.<\/span><\/p>\n<p style=\"text-align:start;\"><\/p>\n<img src=\"https:\/\/cortecerto.com\/wp-content\/uploads\/2014\/11\/janela-5.png\" alt=\"janela 5\" style=\"height: auto;width: \"\/>\n<p style=\"text-align:start;\">&nbsp;&nbsp;<\/p>\n","_links":{"self":[{"href":"https:\/\/cortecerto.com\/es\/wp-json\/wp\/v2\/glossaries\/191","targetHints":{"allow":["GET"]}}],"collection":[{"href":"https:\/\/cortecerto.com\/es\/wp-json\/wp\/v2\/glossaries"}],"about":[{"href":"https:\/\/cortecerto.com\/es\/wp-json\/wp\/v2\/taxonomies\/glossaries"}],"wp:post_type":[{"href":"https:\/\/cortecerto.com\/es\/wp-json\/wp\/v2\/docs?glossaries=191"}],"curies":[{"name":"wp","href":"https:\/\/api.w.org\/{rel}","templated":true}]}}