{"id":180,"count":0,"description":"","link":"https:\/\/cortecerto.com\/es\/glossary\/fases-de-corte\/","name":"Fases de corte","slug":"fases-de-corte","taxonomy":"glossaries","parent":0,"meta":{"status":["1"],"order":["0"],"glossary_term_description":["<p style=\"text-align:justify;\"><span style=\"color: rgb(51,66,85);background-color: rgb(252,252,252);font-size: 15px;font-family: -apple-system, BlinkMacSystemFont, \"Segoe UI\", Roboto, Oxygen-Sans, Ubuntu, Cantarell, \"Helvetica Neue\", sans-serif;\">Uma sequ\u00eancia de cortes guilhotin\u00e1veis\u00a0(de um lado para outro da chapa) em um mesmo sentido \u2013 horizontal ou vertical \u2013 comp\u00f5e uma fase de corte, eventualmente tamb\u00e9m chamada de est\u00e1gio de corte. Assim, quando se pede um plano de corte em duas fases, espera-se girar apenas uma vez (2\u00aa fase) as tiras produzidas na primeira fase de corte.<\/span><\/p>\n<p style=\"text-align:justify;\"><\/p>\n<img src=\"https:\/\/cortecerto.com\/wp-content\/uploads\/2014\/11\/fases-de-corte-1.jpg\" alt=\"fases de corte 1\" style=\"height: auto;width: \"\/>\n<p style=\"text-align:justify;\"><span style=\"color: rgb(51,66,85);background-color: rgb(252,252,252);font-size: 15px;font-family: -apple-system, BlinkMacSystemFont, \"Segoe UI\", Roboto, Oxygen-Sans, Ubuntu, Cantarell, \"Helvetica Neue\", sans-serif;\">Os cortes em duas fases podem ser:<\/span><\/p>\n<ul>\n<li style=\"margin-left:0px;\"><span style=\"color: rgb(51,66,85);background-color: rgb(252,252,252);font-size: 15px;font-family: -apple-system, BlinkMacSystemFont, \"Segoe UI\", Roboto, Oxygen-Sans, Ubuntu, Cantarell, \"Helvetica Neue\", sans-serif;\"><strong>Exatos<\/strong><\/span> <span style=\"color: rgb(51,66,85);background-color: rgb(252,252,252);font-size: 15px;font-family: -apple-system, BlinkMacSystemFont, \"Segoe UI\", Roboto, Oxygen-Sans, Ubuntu, Cantarell, \"Helvetica Neue\", sans-serif;\">\u2013 em que todas as pe\u00e7as de uma mesma tira possuem a mesma largura. A primeira vantagem desse tipo de plano \u00e9 o ganho de tempo com a minimiza\u00e7\u00e3o do manuseio do equipamento para ajustes a diferentes larguras da tira a ser cortada. Outra vantagem \u00e9 que o seu c\u00e1lculo naturalmente acaba por reunir, nas mesmas chapas, as pe\u00e7as de mesmas dimens\u00f5es, facilitando o seu estoque ou processo de acabamento ap\u00f3s o corte.<\/span><\/li>\n<li style=\"margin-left:0px;\"><span style=\"color: rgb(51,66,85);background-color: rgb(252,252,252);font-size: 15px;font-family: -apple-system, BlinkMacSystemFont, \"Segoe UI\", Roboto, Oxygen-Sans, Ubuntu, Cantarell, \"Helvetica Neue\", sans-serif;\"><strong>Inexatos<\/strong><\/span> <span style=\"color: rgb(51,66,85);background-color: rgb(252,252,252);font-size: 15px;font-family: -apple-system, BlinkMacSystemFont, \"Segoe UI\", Roboto, Oxygen-Sans, Ubuntu, Cantarell, \"Helvetica Neue\", sans-serif;\">\u2013 as pe\u00e7as de uma mesma tira podem ter larguras diferentes.<\/span><\/li>\n<\/ul>\n<p style=\"text-align:start;\"><\/p>\n<img src=\"https:\/\/cortecerto.com\/wp-content\/uploads\/2015\/01\/fases-de-corte.png\" alt=\"fases de corte\" style=\"height: auto;width: \"\/>\n<p style=\"text-align:justify;\"><span style=\"color: rgb(51,66,85);background-color: rgb(252,252,252);font-size: 15px;font-family: -apple-system, BlinkMacSystemFont, \"Segoe UI\", Roboto, Oxygen-Sans, Ubuntu, Cantarell, \"Helvetica Neue\", sans-serif;\">Os cortes em 3 fases s\u00e3o chamados tamb\u00e9m de\u00a0Cortes Z. Os da 4\u00aa. fase recebem o nome de\u00a0Cortes W.<\/span><\/p>\n<p style=\"text-align:justify;\"><span style=\"color: rgb(51,66,85);background-color: rgb(252,252,252);font-size: 15px;font-family: -apple-system, BlinkMacSystemFont, \"Segoe UI\", Roboto, Oxygen-Sans, Ubuntu, Cantarell, \"Helvetica Neue\", sans-serif;\">Usar planos de cortes com mais ou menos fases pode ser uma defini\u00e7\u00e3o t\u00e9cnica ou uma decis\u00e3o estrat\u00e9gica. Se for defini\u00e7\u00e3o t\u00e9cnica, geralmente n\u00e3o h\u00e1 o que fazer. Para cortes unidimensionais, do tipo\u00a0slitter, por exemplo, o plano ter\u00e1 de ser, naturalmente, de uma \u00fanica fase. Seccionadoras autom\u00e1ticas tamb\u00e9m costumam restringir o n\u00famero de fases e, assim, n\u00e3o h\u00e1 como configurar a op\u00e7\u00e3o livre no Corte Certo.<\/span><\/p>\n<p style=\"text-align:justify;\"><span style=\"color: rgb(51,66,85);background-color: rgb(252,252,252);font-size: 15px;font-family: -apple-system, BlinkMacSystemFont, \"Segoe UI\", Roboto, Oxygen-Sans, Ubuntu, Cantarell, \"Helvetica Neue\", sans-serif;\">J\u00e1 as decis\u00f5es estrat\u00e9gicas passam pela pergunta: que custa mais caro para esta empresa, a mat\u00e9ria prima ou o processo de corte como um todo (energia, uso da m\u00e1quina, tempo da m\u00e3o de obra, etc.). Planos de corte em duas fases, por exemplo, em geral aceleram muito o processo de corte, mas o rendimento da mat\u00e9ria prima raramente \u00e9 excelente.<\/span>&nbsp;<\/p>\n"]},"yoast_head":"<!-- This site is optimized with the Yoast SEO plugin v27.5 - https:\/\/yoast.com\/product\/yoast-seo-wordpress\/ -->\n<title>Fases de corte archivos - Corte Certo - Software para Otimiza\u00e7\u00e3o de Planos de Corte<\/title>\n<meta name=\"robots\" content=\"index, follow, max-snippet:-1, max-image-preview:large, max-video-preview:-1\" \/>\n<link rel=\"canonical\" href=\"https:\/\/cortecerto.com\/es\/glossary\/fases-de-corte\/\" \/>\n<meta property=\"og:locale\" content=\"es_ES\" \/>\n<meta property=\"og:type\" content=\"article\" \/>\n<meta property=\"og:title\" content=\"Fases de corte archivos - Corte Certo - Software para Otimiza\u00e7\u00e3o de Planos de Corte\" \/>\n<meta property=\"og:url\" content=\"https:\/\/cortecerto.com\/es\/glossary\/fases-de-corte\/\" \/>\n<meta property=\"og:site_name\" content=\"Corte Certo - Software para Otimiza\u00e7\u00e3o de Planos de Corte\" \/>\n<meta name=\"twitter:card\" content=\"summary_large_image\" \/>\n<script type=\"application\/ld+json\" class=\"yoast-schema-graph\">{\"@context\":\"https:\\\/\\\/schema.org\",\"@graph\":[{\"@type\":\"CollectionPage\",\"@id\":\"https:\\\/\\\/cortecerto.com\\\/es\\\/glossary\\\/fases-de-corte\\\/\",\"url\":\"https:\\\/\\\/cortecerto.com\\\/es\\\/glossary\\\/fases-de-corte\\\/\",\"name\":\"Fases de corte archivos - Corte Certo - Software para Otimiza\u00e7\u00e3o de Planos de Corte\",\"isPartOf\":{\"@id\":\"https:\\\/\\\/cortecerto.com\\\/es\\\/#website\"},\"breadcrumb\":{\"@id\":\"https:\\\/\\\/cortecerto.com\\\/es\\\/glossary\\\/fases-de-corte\\\/#breadcrumb\"},\"inLanguage\":\"es\"},{\"@type\":\"BreadcrumbList\",\"@id\":\"https:\\\/\\\/cortecerto.com\\\/es\\\/glossary\\\/fases-de-corte\\\/#breadcrumb\",\"itemListElement\":[{\"@type\":\"ListItem\",\"position\":1,\"name\":\"In\u00edcio\",\"item\":\"https:\\\/\\\/cortecerto.com\\\/es\\\/\"},{\"@type\":\"ListItem\",\"position\":2,\"name\":\"Fases de corte\"}]},{\"@type\":\"WebSite\",\"@id\":\"https:\\\/\\\/cortecerto.com\\\/es\\\/#website\",\"url\":\"https:\\\/\\\/cortecerto.com\\\/es\\\/\",\"name\":\"Corte Certo - Software para Otimiza\u00e7\u00e3o de Planos de Corte\",\"description\":\"\",\"publisher\":{\"@id\":\"https:\\\/\\\/cortecerto.com\\\/es\\\/#organization\"},\"potentialAction\":[{\"@type\":\"SearchAction\",\"target\":{\"@type\":\"EntryPoint\",\"urlTemplate\":\"https:\\\/\\\/cortecerto.com\\\/es\\\/?s={search_term_string}\"},\"query-input\":{\"@type\":\"PropertyValueSpecification\",\"valueRequired\":true,\"valueName\":\"search_term_string\"}}],\"inLanguage\":\"es\"},{\"@type\":\"Organization\",\"@id\":\"https:\\\/\\\/cortecerto.com\\\/es\\\/#organization\",\"name\":\"Corte Certo - Software para Otimiza\u00e7\u00e3o de Planos de Corte\",\"url\":\"https:\\\/\\\/cortecerto.com\\\/es\\\/\",\"logo\":{\"@type\":\"ImageObject\",\"inLanguage\":\"es\",\"@id\":\"https:\\\/\\\/cortecerto.com\\\/es\\\/#\\\/schema\\\/logo\\\/image\\\/\",\"url\":\"https:\\\/\\\/cortecerto.com\\\/wp-content\\\/uploads\\\/2022\\\/10\\\/logo-corte-certo-branco.png\",\"contentUrl\":\"https:\\\/\\\/cortecerto.com\\\/wp-content\\\/uploads\\\/2022\\\/10\\\/logo-corte-certo-branco.png\",\"width\":2560,\"height\":293,\"caption\":\"Corte Certo - Software para Otimiza\u00e7\u00e3o de Planos de Corte\"},\"image\":{\"@id\":\"https:\\\/\\\/cortecerto.com\\\/es\\\/#\\\/schema\\\/logo\\\/image\\\/\"}}]}<\/script>\n<!-- \/ Yoast SEO plugin. -->","yoast_head_json":{"title":"Fases de corte archivos - Corte Certo - Software para Otimiza\u00e7\u00e3o de Planos de Corte","robots":{"index":"index","follow":"follow","max-snippet":"max-snippet:-1","max-image-preview":"max-image-preview:large","max-video-preview":"max-video-preview:-1"},"canonical":"https:\/\/cortecerto.com\/es\/glossary\/fases-de-corte\/","og_locale":"es_ES","og_type":"article","og_title":"Fases de corte archivos - Corte Certo - Software para Otimiza\u00e7\u00e3o de Planos de Corte","og_url":"https:\/\/cortecerto.com\/es\/glossary\/fases-de-corte\/","og_site_name":"Corte Certo - Software para Otimiza\u00e7\u00e3o de Planos de Corte","twitter_card":"summary_large_image","schema":{"@context":"https:\/\/schema.org","@graph":[{"@type":"CollectionPage","@id":"https:\/\/cortecerto.com\/es\/glossary\/fases-de-corte\/","url":"https:\/\/cortecerto.com\/es\/glossary\/fases-de-corte\/","name":"Fases de corte archivos - Corte Certo - Software para Otimiza\u00e7\u00e3o de Planos de Corte","isPartOf":{"@id":"https:\/\/cortecerto.com\/es\/#website"},"breadcrumb":{"@id":"https:\/\/cortecerto.com\/es\/glossary\/fases-de-corte\/#breadcrumb"},"inLanguage":"es"},{"@type":"BreadcrumbList","@id":"https:\/\/cortecerto.com\/es\/glossary\/fases-de-corte\/#breadcrumb","itemListElement":[{"@type":"ListItem","position":1,"name":"In\u00edcio","item":"https:\/\/cortecerto.com\/es\/"},{"@type":"ListItem","position":2,"name":"Fases de corte"}]},{"@type":"WebSite","@id":"https:\/\/cortecerto.com\/es\/#website","url":"https:\/\/cortecerto.com\/es\/","name":"Corte Certo - Software para Otimiza\u00e7\u00e3o de Planos de Corte","description":"","publisher":{"@id":"https:\/\/cortecerto.com\/es\/#organization"},"potentialAction":[{"@type":"SearchAction","target":{"@type":"EntryPoint","urlTemplate":"https:\/\/cortecerto.com\/es\/?s={search_term_string}"},"query-input":{"@type":"PropertyValueSpecification","valueRequired":true,"valueName":"search_term_string"}}],"inLanguage":"es"},{"@type":"Organization","@id":"https:\/\/cortecerto.com\/es\/#organization","name":"Corte Certo - Software para Otimiza\u00e7\u00e3o de Planos de Corte","url":"https:\/\/cortecerto.com\/es\/","logo":{"@type":"ImageObject","inLanguage":"es","@id":"https:\/\/cortecerto.com\/es\/#\/schema\/logo\/image\/","url":"https:\/\/cortecerto.com\/wp-content\/uploads\/2022\/10\/logo-corte-certo-branco.png","contentUrl":"https:\/\/cortecerto.com\/wp-content\/uploads\/2022\/10\/logo-corte-certo-branco.png","width":2560,"height":293,"caption":"Corte Certo - Software para Otimiza\u00e7\u00e3o de Planos de Corte"},"image":{"@id":"https:\/\/cortecerto.com\/es\/#\/schema\/logo\/image\/"}}]}},"glossary_term_description":"<p style=\"text-align:justify;\"><span style=\"color: rgb(51,66,85);background-color: rgb(252,252,252);font-size: 15px;font-family: -apple-system, BlinkMacSystemFont, \"Segoe UI\", Roboto, Oxygen-Sans, Ubuntu, Cantarell, \"Helvetica Neue\", sans-serif;\">Uma sequ\u00eancia de cortes guilhotin\u00e1veis\u00a0(de um lado para outro da chapa) em um mesmo sentido \u2013 horizontal ou vertical \u2013 comp\u00f5e uma fase de corte, eventualmente tamb\u00e9m chamada de est\u00e1gio de corte. Assim, quando se pede um plano de corte em duas fases, espera-se girar apenas uma vez (2\u00aa fase) as tiras produzidas na primeira fase de corte.<\/span><\/p>\n<p style=\"text-align:justify;\"><\/p>\n<img src=\"https:\/\/cortecerto.com\/wp-content\/uploads\/2014\/11\/fases-de-corte-1.jpg\" alt=\"fases de corte 1\" style=\"height: auto;width: \"\/>\n<p style=\"text-align:justify;\"><span style=\"color: rgb(51,66,85);background-color: rgb(252,252,252);font-size: 15px;font-family: -apple-system, BlinkMacSystemFont, \"Segoe UI\", Roboto, Oxygen-Sans, Ubuntu, Cantarell, \"Helvetica Neue\", sans-serif;\">Os cortes em duas fases podem ser:<\/span><\/p>\n<ul>\n<li style=\"margin-left:0px;\"><span style=\"color: rgb(51,66,85);background-color: rgb(252,252,252);font-size: 15px;font-family: -apple-system, BlinkMacSystemFont, \"Segoe UI\", Roboto, Oxygen-Sans, Ubuntu, Cantarell, \"Helvetica Neue\", sans-serif;\"><strong>Exatos<\/strong><\/span> <span style=\"color: rgb(51,66,85);background-color: rgb(252,252,252);font-size: 15px;font-family: -apple-system, BlinkMacSystemFont, \"Segoe UI\", Roboto, Oxygen-Sans, Ubuntu, Cantarell, \"Helvetica Neue\", sans-serif;\">\u2013 em que todas as pe\u00e7as de uma mesma tira possuem a mesma largura. A primeira vantagem desse tipo de plano \u00e9 o ganho de tempo com a minimiza\u00e7\u00e3o do manuseio do equipamento para ajustes a diferentes larguras da tira a ser cortada. Outra vantagem \u00e9 que o seu c\u00e1lculo naturalmente acaba por reunir, nas mesmas chapas, as pe\u00e7as de mesmas dimens\u00f5es, facilitando o seu estoque ou processo de acabamento ap\u00f3s o corte.<\/span><\/li>\n<li style=\"margin-left:0px;\"><span style=\"color: rgb(51,66,85);background-color: rgb(252,252,252);font-size: 15px;font-family: -apple-system, BlinkMacSystemFont, \"Segoe UI\", Roboto, Oxygen-Sans, Ubuntu, Cantarell, \"Helvetica Neue\", sans-serif;\"><strong>Inexatos<\/strong><\/span> <span style=\"color: rgb(51,66,85);background-color: rgb(252,252,252);font-size: 15px;font-family: -apple-system, BlinkMacSystemFont, \"Segoe UI\", Roboto, Oxygen-Sans, Ubuntu, Cantarell, \"Helvetica Neue\", sans-serif;\">\u2013 as pe\u00e7as de uma mesma tira podem ter larguras diferentes.<\/span><\/li>\n<\/ul>\n<p style=\"text-align:start;\"><\/p>\n<img src=\"https:\/\/cortecerto.com\/wp-content\/uploads\/2015\/01\/fases-de-corte.png\" alt=\"fases de corte\" style=\"height: auto;width: \"\/>\n<p style=\"text-align:justify;\"><span style=\"color: rgb(51,66,85);background-color: rgb(252,252,252);font-size: 15px;font-family: -apple-system, BlinkMacSystemFont, \"Segoe UI\", Roboto, Oxygen-Sans, Ubuntu, Cantarell, \"Helvetica Neue\", sans-serif;\">Os cortes em 3 fases s\u00e3o chamados tamb\u00e9m de\u00a0Cortes Z. Os da 4\u00aa. fase recebem o nome de\u00a0Cortes W.<\/span><\/p>\n<p style=\"text-align:justify;\"><span style=\"color: rgb(51,66,85);background-color: rgb(252,252,252);font-size: 15px;font-family: -apple-system, BlinkMacSystemFont, \"Segoe UI\", Roboto, Oxygen-Sans, Ubuntu, Cantarell, \"Helvetica Neue\", sans-serif;\">Usar planos de cortes com mais ou menos fases pode ser uma defini\u00e7\u00e3o t\u00e9cnica ou uma decis\u00e3o estrat\u00e9gica. Se for defini\u00e7\u00e3o t\u00e9cnica, geralmente n\u00e3o h\u00e1 o que fazer. Para cortes unidimensionais, do tipo\u00a0slitter, por exemplo, o plano ter\u00e1 de ser, naturalmente, de uma \u00fanica fase. Seccionadoras autom\u00e1ticas tamb\u00e9m costumam restringir o n\u00famero de fases e, assim, n\u00e3o h\u00e1 como configurar a op\u00e7\u00e3o livre no Corte Certo.<\/span><\/p>\n<p style=\"text-align:justify;\"><span style=\"color: rgb(51,66,85);background-color: rgb(252,252,252);font-size: 15px;font-family: -apple-system, BlinkMacSystemFont, \"Segoe UI\", Roboto, Oxygen-Sans, Ubuntu, Cantarell, \"Helvetica Neue\", sans-serif;\">J\u00e1 as decis\u00f5es estrat\u00e9gicas passam pela pergunta: que custa mais caro para esta empresa, a mat\u00e9ria prima ou o processo de corte como um todo (energia, uso da m\u00e1quina, tempo da m\u00e3o de obra, etc.). Planos de corte em duas fases, por exemplo, em geral aceleram muito o processo de corte, mas o rendimento da mat\u00e9ria prima raramente \u00e9 excelente.<\/span>&nbsp;<\/p>\n","_links":{"self":[{"href":"https:\/\/cortecerto.com\/es\/wp-json\/wp\/v2\/glossaries\/180","targetHints":{"allow":["GET"]}}],"collection":[{"href":"https:\/\/cortecerto.com\/es\/wp-json\/wp\/v2\/glossaries"}],"about":[{"href":"https:\/\/cortecerto.com\/es\/wp-json\/wp\/v2\/taxonomies\/glossaries"}],"wp:post_type":[{"href":"https:\/\/cortecerto.com\/es\/wp-json\/wp\/v2\/docs?glossaries=180"}],"curies":[{"name":"wp","href":"https:\/\/api.w.org\/{rel}","templated":true}]}}