{"id":172,"count":0,"description":"","link":"https:\/\/cortecerto.com\/es\/glossary\/configurar\/","name":"Configurar","slug":"configurar","taxonomy":"glossaries","parent":0,"meta":{"status":["1"],"order":["0"],"glossary_term_description":["<p style=\"text-align:start;\"><span style=\"color: rgb(51,66,85);background-color: rgb(252,252,252);font-size: 15px;font-family: -apple-system, BlinkMacSystemFont, \"Segoe UI\", Roboto, Oxygen-Sans, Ubuntu, Cantarell, \"Helvetica Neue\", sans-serif;\">Num sentido mais gen\u00e9rico, significa \u201cdar ou atribuir a (algo) determinado perfil, um conjunto de caracter\u00edsticas pr\u00f3prias\u201d (Dicion\u00e1rio Caldas Aulete). No caso espec\u00edfico de um software, trata-se de definir padr\u00f5es para o seu funcionamento. Esses padr\u00f5es a serem definidos podem ser prefer\u00eancias do usu\u00e1rio ou requisitos.<\/span><\/p>\n<p style=\"text-align:start;\"><span style=\"color: rgb(51,66,85);background-color: rgb(252,252,252);font-size: 15px;font-family: -apple-system, BlinkMacSystemFont, \"Segoe UI\", Roboto, Oxygen-Sans, Ubuntu, Cantarell, \"Helvetica Neue\", sans-serif;\">S\u00e3o exemplos desses padr\u00f5es no Corte Certo:<\/span><\/p>\n<ul>\n<li style=\"margin-left:0px;\"><span style=\"color: rgb(51,66,85);background-color: rgb(252,252,252);font-size: 15px;font-family: -apple-system, BlinkMacSystemFont, \"Segoe UI\", Roboto, Oxygen-Sans, Ubuntu, Cantarell, \"Helvetica Neue\", sans-serif;\">O valor da espessura de serra (<em>kerf<\/em>) a ser compensado<\/span><\/li>\n<li style=\"margin-left:0px;\"><span style=\"color: rgb(51,66,85);background-color: rgb(252,252,252);font-size: 15px;font-family: -apple-system, BlinkMacSystemFont, \"Segoe UI\", Roboto, Oxygen-Sans, Ubuntu, Cantarell, \"Helvetica Neue\", sans-serif;\">A margem de seguran\u00e7a para a chapa<\/span><\/li>\n<li style=\"margin-left:0px;\"><span style=\"color: rgb(51,66,85);background-color: rgb(252,252,252);font-size: 15px;font-family: -apple-system, BlinkMacSystemFont, \"Segoe UI\", Roboto, Oxygen-Sans, Ubuntu, Cantarell, \"Helvetica Neue\", sans-serif;\">A fixa\u00e7\u00e3o do sentido da textura (veio, gr\u00e3o, canela, etc.) do material<\/span><\/li>\n<li style=\"margin-left:0px;\"><span style=\"color: rgb(51,66,85);background-color: rgb(252,252,252);font-size: 15px;font-family: -apple-system, BlinkMacSystemFont, \"Segoe UI\", Roboto, Oxygen-Sans, Ubuntu, Cantarell, \"Helvetica Neue\", sans-serif;\">O n\u00famero de fases de corte<\/span><\/li>\n<\/ul>\n<p style=\"text-align:start;\"><span style=\"color: rgb(51,66,85);background-color: rgb(252,252,252);font-size: 15px;font-family: -apple-system, BlinkMacSystemFont, \"Segoe UI\", Roboto, Oxygen-Sans, Ubuntu, Cantarell, \"Helvetica Neue\", sans-serif;\">Alguns desses padr\u00f5es, como a compensa\u00e7\u00e3o de<\/span> <span style=\"color: rgb(51,66,85);background-color: rgb(252,252,252);font-size: 15px;font-family: -apple-system, BlinkMacSystemFont, \"Segoe UI\", Roboto, Oxygen-Sans, Ubuntu, Cantarell, \"Helvetica Neue\", sans-serif;\"><em>kerf<\/em>, s\u00e3o simples exig\u00eancias t\u00e9cnicas: se n\u00e3o for feito o desconto do material que a serra consome, h\u00e1 o risco de que o tamanho da chapa n\u00e3o seja suficiente\u00a0para o plano de corte calculado. Outras configura\u00e7\u00f5es, no entanto, s\u00e3o feitas por decis\u00e3o pessoal do usu\u00e1rio do programa ou operador da m\u00e1quina de corte. Esse profissional pode querer, por exemplo, o c\u00e1lculo mais r\u00e1pido ou que o plano de corte leve a um processo de corte mais simples, mesmo havendo maior perda da mat\u00e9ria prima.<\/span><\/p>\n<p style=\"text-align:start;\"><span style=\"color: rgb(51,66,85);background-color: rgb(252,252,252);font-size: 15px;font-family: -apple-system, BlinkMacSystemFont, \"Segoe UI\", Roboto, Oxygen-Sans, Ubuntu, Cantarell, \"Helvetica Neue\", sans-serif;\">Por isso, \u00e9 muito importante verificar sempre como est\u00e3o configurados os programas, quando se deseja fazer uma an\u00e1lise comparativa: nem sempre o pior resultado em determinado c\u00e1lculo, na compara\u00e7\u00e3o entre dois softwares, indica que um deles \u00e9 pior, embora essa possibilidade n\u00e3o seja irreal, uma vez que a quantidade de solu\u00e7\u00f5es poss\u00edveis para um mesmo problema pode ser astron\u00f4mica.<\/span><\/p>\n<p style=\"text-align:start;\"><span style=\"color: rgb(51,66,85);background-color: rgb(252,252,252);font-size: 15px;font-family: -apple-system, BlinkMacSystemFont, \"Segoe UI\", Roboto, Oxygen-Sans, Ubuntu, Cantarell, \"Helvetica Neue\", sans-serif;\"><em>\u00c9 restri\u00e7\u00e3o<\/em>\u00a0qualquer condi\u00e7\u00e3o configurada que possa interferir no c\u00e1lculo de otimiza\u00e7\u00e3o. Exemplos: inserir valor para a espessura da serra, obrigar a manter o sentido da textura do material (veio, gr\u00e3o, canelas, etc.), descontar uma margem nas bordas das chapas, reduzir o n\u00famero de\u00a0fases de corte, etc. Em todos esses casos o resultado poder\u00e1 trazer aproveitamento inferior da mat\u00e9ria prima.<\/span><\/p>\n<p style=\"text-align:start;\"><span style=\"color: rgb(51,66,85);background-color: rgb(252,252,252);font-size: 15px;font-family: -apple-system, BlinkMacSystemFont, \"Segoe UI\", Roboto, Oxygen-Sans, Ubuntu, Cantarell, \"Helvetica Neue\", sans-serif;\">A permiss\u00e3o, no caso, normalmente leva \u00e0 ideia oposta \u00e0 restri\u00e7\u00e3o, ou seja, de aumento. A permiss\u00e3o ao c\u00e1lculo livre, por exemplo, quer dizer, sem limita\u00e7\u00e3o ao n\u00famero de fases de corte, beneficiar\u00e1 o aproveitamento. O mesmo ocorre no caso de permiss\u00e3o \u00e0\u00a0rota\u00e7\u00e3o\u00a0do material durante o c\u00e1lculo, geralmente liberada para materiais lisos, sem a obrigatoriedade de manter a orienta\u00e7\u00e3o da textura. Mas nem sempre os resultados da permiss\u00e3o ser\u00e3o positivos. \u00c9 o que acontece quando aumentamos a diversidade de tamanhos para os materiais e\/ou para as pe\u00e7as: a complexidade ao c\u00e1lculo tamb\u00e9m crescer\u00e1 e haver\u00e1 menor velocidade para chegar a um resultado.<\/span><\/p>\n<p style=\"text-align:start;\"><span style=\"color: rgb(51,66,85);background-color: rgb(252,252,252);font-size: 15px;font-family: -apple-system, BlinkMacSystemFont, \"Segoe UI\", Roboto, Oxygen-Sans, Ubuntu, Cantarell, \"Helvetica Neue\", sans-serif;\">Para testes comparativos r\u00e1pidos com resultados alcan\u00e7ados para determinado\u00a0projeto, o Corte Certo disp\u00f5e da ferramenta \u201c<em>O que acontece se<\/em>\u201d, que permite desativar, apenas para o c\u00e1lculo seguinte, determinada restri\u00e7\u00e3o para que o usu\u00e1rio tenha maior clareza sobre a diferen\u00e7a que ela pode causar ao resultado.<\/span><\/p>\n<p style=\"text-align:start;\"><span style=\"color: rgb(51,66,85);background-color: rgb(252,252,252);font-size: 15px;font-family: -apple-system, BlinkMacSystemFont, \"Segoe UI\", Roboto, Oxygen-Sans, Ubuntu, Cantarell, \"Helvetica Neue\", sans-serif;\">Veja tamb\u00e9m:\u00a0Default\u00a0e Configura\u00e7\u00e3o.<\/span>&nbsp;<\/p>\n"]},"yoast_head":"<!-- This site is optimized with the Yoast SEO plugin v27.5 - https:\/\/yoast.com\/product\/yoast-seo-wordpress\/ -->\n<title>Configurar archivos - Corte Certo - Software para Otimiza\u00e7\u00e3o de Planos de Corte<\/title>\n<meta name=\"robots\" content=\"index, follow, max-snippet:-1, max-image-preview:large, max-video-preview:-1\" \/>\n<link rel=\"canonical\" href=\"https:\/\/cortecerto.com\/es\/glossary\/configurar\/\" \/>\n<meta property=\"og:locale\" content=\"es_ES\" \/>\n<meta property=\"og:type\" content=\"article\" \/>\n<meta property=\"og:title\" content=\"Configurar archivos - Corte Certo - Software para Otimiza\u00e7\u00e3o de Planos de Corte\" \/>\n<meta property=\"og:url\" content=\"https:\/\/cortecerto.com\/es\/glossary\/configurar\/\" \/>\n<meta property=\"og:site_name\" content=\"Corte Certo - Software para Otimiza\u00e7\u00e3o de Planos de Corte\" \/>\n<meta name=\"twitter:card\" content=\"summary_large_image\" \/>\n<script type=\"application\/ld+json\" class=\"yoast-schema-graph\">{\"@context\":\"https:\\\/\\\/schema.org\",\"@graph\":[{\"@type\":\"CollectionPage\",\"@id\":\"https:\\\/\\\/cortecerto.com\\\/es\\\/glossary\\\/configurar\\\/\",\"url\":\"https:\\\/\\\/cortecerto.com\\\/es\\\/glossary\\\/configurar\\\/\",\"name\":\"Configurar archivos - Corte Certo - Software para Otimiza\u00e7\u00e3o de Planos de Corte\",\"isPartOf\":{\"@id\":\"https:\\\/\\\/cortecerto.com\\\/es\\\/#website\"},\"breadcrumb\":{\"@id\":\"https:\\\/\\\/cortecerto.com\\\/es\\\/glossary\\\/configurar\\\/#breadcrumb\"},\"inLanguage\":\"es\"},{\"@type\":\"BreadcrumbList\",\"@id\":\"https:\\\/\\\/cortecerto.com\\\/es\\\/glossary\\\/configurar\\\/#breadcrumb\",\"itemListElement\":[{\"@type\":\"ListItem\",\"position\":1,\"name\":\"In\u00edcio\",\"item\":\"https:\\\/\\\/cortecerto.com\\\/es\\\/\"},{\"@type\":\"ListItem\",\"position\":2,\"name\":\"Configurar\"}]},{\"@type\":\"WebSite\",\"@id\":\"https:\\\/\\\/cortecerto.com\\\/es\\\/#website\",\"url\":\"https:\\\/\\\/cortecerto.com\\\/es\\\/\",\"name\":\"Corte Certo - Software para Otimiza\u00e7\u00e3o de Planos de Corte\",\"description\":\"\",\"publisher\":{\"@id\":\"https:\\\/\\\/cortecerto.com\\\/es\\\/#organization\"},\"potentialAction\":[{\"@type\":\"SearchAction\",\"target\":{\"@type\":\"EntryPoint\",\"urlTemplate\":\"https:\\\/\\\/cortecerto.com\\\/es\\\/?s={search_term_string}\"},\"query-input\":{\"@type\":\"PropertyValueSpecification\",\"valueRequired\":true,\"valueName\":\"search_term_string\"}}],\"inLanguage\":\"es\"},{\"@type\":\"Organization\",\"@id\":\"https:\\\/\\\/cortecerto.com\\\/es\\\/#organization\",\"name\":\"Corte Certo - Software para Otimiza\u00e7\u00e3o de Planos de Corte\",\"url\":\"https:\\\/\\\/cortecerto.com\\\/es\\\/\",\"logo\":{\"@type\":\"ImageObject\",\"inLanguage\":\"es\",\"@id\":\"https:\\\/\\\/cortecerto.com\\\/es\\\/#\\\/schema\\\/logo\\\/image\\\/\",\"url\":\"https:\\\/\\\/cortecerto.com\\\/wp-content\\\/uploads\\\/2022\\\/10\\\/logo-corte-certo-branco.png\",\"contentUrl\":\"https:\\\/\\\/cortecerto.com\\\/wp-content\\\/uploads\\\/2022\\\/10\\\/logo-corte-certo-branco.png\",\"width\":2560,\"height\":293,\"caption\":\"Corte Certo - Software para Otimiza\u00e7\u00e3o de Planos de Corte\"},\"image\":{\"@id\":\"https:\\\/\\\/cortecerto.com\\\/es\\\/#\\\/schema\\\/logo\\\/image\\\/\"}}]}<\/script>\n<!-- \/ Yoast SEO plugin. -->","yoast_head_json":{"title":"Configurar archivos - Corte Certo - Software para Otimiza\u00e7\u00e3o de Planos de Corte","robots":{"index":"index","follow":"follow","max-snippet":"max-snippet:-1","max-image-preview":"max-image-preview:large","max-video-preview":"max-video-preview:-1"},"canonical":"https:\/\/cortecerto.com\/es\/glossary\/configurar\/","og_locale":"es_ES","og_type":"article","og_title":"Configurar archivos - Corte Certo - Software para Otimiza\u00e7\u00e3o de Planos de Corte","og_url":"https:\/\/cortecerto.com\/es\/glossary\/configurar\/","og_site_name":"Corte Certo - Software para Otimiza\u00e7\u00e3o de Planos de Corte","twitter_card":"summary_large_image","schema":{"@context":"https:\/\/schema.org","@graph":[{"@type":"CollectionPage","@id":"https:\/\/cortecerto.com\/es\/glossary\/configurar\/","url":"https:\/\/cortecerto.com\/es\/glossary\/configurar\/","name":"Configurar archivos - Corte Certo - Software para Otimiza\u00e7\u00e3o de Planos de Corte","isPartOf":{"@id":"https:\/\/cortecerto.com\/es\/#website"},"breadcrumb":{"@id":"https:\/\/cortecerto.com\/es\/glossary\/configurar\/#breadcrumb"},"inLanguage":"es"},{"@type":"BreadcrumbList","@id":"https:\/\/cortecerto.com\/es\/glossary\/configurar\/#breadcrumb","itemListElement":[{"@type":"ListItem","position":1,"name":"In\u00edcio","item":"https:\/\/cortecerto.com\/es\/"},{"@type":"ListItem","position":2,"name":"Configurar"}]},{"@type":"WebSite","@id":"https:\/\/cortecerto.com\/es\/#website","url":"https:\/\/cortecerto.com\/es\/","name":"Corte Certo - Software para Otimiza\u00e7\u00e3o de Planos de Corte","description":"","publisher":{"@id":"https:\/\/cortecerto.com\/es\/#organization"},"potentialAction":[{"@type":"SearchAction","target":{"@type":"EntryPoint","urlTemplate":"https:\/\/cortecerto.com\/es\/?s={search_term_string}"},"query-input":{"@type":"PropertyValueSpecification","valueRequired":true,"valueName":"search_term_string"}}],"inLanguage":"es"},{"@type":"Organization","@id":"https:\/\/cortecerto.com\/es\/#organization","name":"Corte Certo - Software para Otimiza\u00e7\u00e3o de Planos de Corte","url":"https:\/\/cortecerto.com\/es\/","logo":{"@type":"ImageObject","inLanguage":"es","@id":"https:\/\/cortecerto.com\/es\/#\/schema\/logo\/image\/","url":"https:\/\/cortecerto.com\/wp-content\/uploads\/2022\/10\/logo-corte-certo-branco.png","contentUrl":"https:\/\/cortecerto.com\/wp-content\/uploads\/2022\/10\/logo-corte-certo-branco.png","width":2560,"height":293,"caption":"Corte Certo - Software para Otimiza\u00e7\u00e3o de Planos de Corte"},"image":{"@id":"https:\/\/cortecerto.com\/es\/#\/schema\/logo\/image\/"}}]}},"glossary_term_description":"<p style=\"text-align:start;\"><span style=\"color: rgb(51,66,85);background-color: rgb(252,252,252);font-size: 15px;font-family: -apple-system, BlinkMacSystemFont, \"Segoe UI\", Roboto, Oxygen-Sans, Ubuntu, Cantarell, \"Helvetica Neue\", sans-serif;\">Num sentido mais gen\u00e9rico, significa \u201cdar ou atribuir a (algo) determinado perfil, um conjunto de caracter\u00edsticas pr\u00f3prias\u201d (Dicion\u00e1rio Caldas Aulete). No caso espec\u00edfico de um software, trata-se de definir padr\u00f5es para o seu funcionamento. Esses padr\u00f5es a serem definidos podem ser prefer\u00eancias do usu\u00e1rio ou requisitos.<\/span><\/p>\n<p style=\"text-align:start;\"><span style=\"color: rgb(51,66,85);background-color: rgb(252,252,252);font-size: 15px;font-family: -apple-system, BlinkMacSystemFont, \"Segoe UI\", Roboto, Oxygen-Sans, Ubuntu, Cantarell, \"Helvetica Neue\", sans-serif;\">S\u00e3o exemplos desses padr\u00f5es no Corte Certo:<\/span><\/p>\n<ul>\n<li style=\"margin-left:0px;\"><span style=\"color: rgb(51,66,85);background-color: rgb(252,252,252);font-size: 15px;font-family: -apple-system, BlinkMacSystemFont, \"Segoe UI\", Roboto, Oxygen-Sans, Ubuntu, Cantarell, \"Helvetica Neue\", sans-serif;\">O valor da espessura de serra (<em>kerf<\/em>) a ser compensado<\/span><\/li>\n<li style=\"margin-left:0px;\"><span style=\"color: rgb(51,66,85);background-color: rgb(252,252,252);font-size: 15px;font-family: -apple-system, BlinkMacSystemFont, \"Segoe UI\", Roboto, Oxygen-Sans, Ubuntu, Cantarell, \"Helvetica Neue\", sans-serif;\">A margem de seguran\u00e7a para a chapa<\/span><\/li>\n<li style=\"margin-left:0px;\"><span style=\"color: rgb(51,66,85);background-color: rgb(252,252,252);font-size: 15px;font-family: -apple-system, BlinkMacSystemFont, \"Segoe UI\", Roboto, Oxygen-Sans, Ubuntu, Cantarell, \"Helvetica Neue\", sans-serif;\">A fixa\u00e7\u00e3o do sentido da textura (veio, gr\u00e3o, canela, etc.) do material<\/span><\/li>\n<li style=\"margin-left:0px;\"><span style=\"color: rgb(51,66,85);background-color: rgb(252,252,252);font-size: 15px;font-family: -apple-system, BlinkMacSystemFont, \"Segoe UI\", Roboto, Oxygen-Sans, Ubuntu, Cantarell, \"Helvetica Neue\", sans-serif;\">O n\u00famero de fases de corte<\/span><\/li>\n<\/ul>\n<p style=\"text-align:start;\"><span style=\"color: rgb(51,66,85);background-color: rgb(252,252,252);font-size: 15px;font-family: -apple-system, BlinkMacSystemFont, \"Segoe UI\", Roboto, Oxygen-Sans, Ubuntu, Cantarell, \"Helvetica Neue\", sans-serif;\">Alguns desses padr\u00f5es, como a compensa\u00e7\u00e3o de<\/span> <span style=\"color: rgb(51,66,85);background-color: rgb(252,252,252);font-size: 15px;font-family: -apple-system, BlinkMacSystemFont, \"Segoe UI\", Roboto, Oxygen-Sans, Ubuntu, Cantarell, \"Helvetica Neue\", sans-serif;\"><em>kerf<\/em>, s\u00e3o simples exig\u00eancias t\u00e9cnicas: se n\u00e3o for feito o desconto do material que a serra consome, h\u00e1 o risco de que o tamanho da chapa n\u00e3o seja suficiente\u00a0para o plano de corte calculado. Outras configura\u00e7\u00f5es, no entanto, s\u00e3o feitas por decis\u00e3o pessoal do usu\u00e1rio do programa ou operador da m\u00e1quina de corte. Esse profissional pode querer, por exemplo, o c\u00e1lculo mais r\u00e1pido ou que o plano de corte leve a um processo de corte mais simples, mesmo havendo maior perda da mat\u00e9ria prima.<\/span><\/p>\n<p style=\"text-align:start;\"><span style=\"color: rgb(51,66,85);background-color: rgb(252,252,252);font-size: 15px;font-family: -apple-system, BlinkMacSystemFont, \"Segoe UI\", Roboto, Oxygen-Sans, Ubuntu, Cantarell, \"Helvetica Neue\", sans-serif;\">Por isso, \u00e9 muito importante verificar sempre como est\u00e3o configurados os programas, quando se deseja fazer uma an\u00e1lise comparativa: nem sempre o pior resultado em determinado c\u00e1lculo, na compara\u00e7\u00e3o entre dois softwares, indica que um deles \u00e9 pior, embora essa possibilidade n\u00e3o seja irreal, uma vez que a quantidade de solu\u00e7\u00f5es poss\u00edveis para um mesmo problema pode ser astron\u00f4mica.<\/span><\/p>\n<p style=\"text-align:start;\"><span style=\"color: rgb(51,66,85);background-color: rgb(252,252,252);font-size: 15px;font-family: -apple-system, BlinkMacSystemFont, \"Segoe UI\", Roboto, Oxygen-Sans, Ubuntu, Cantarell, \"Helvetica Neue\", sans-serif;\"><em>\u00c9 restri\u00e7\u00e3o<\/em>\u00a0qualquer condi\u00e7\u00e3o configurada que possa interferir no c\u00e1lculo de otimiza\u00e7\u00e3o. Exemplos: inserir valor para a espessura da serra, obrigar a manter o sentido da textura do material (veio, gr\u00e3o, canelas, etc.), descontar uma margem nas bordas das chapas, reduzir o n\u00famero de\u00a0fases de corte, etc. Em todos esses casos o resultado poder\u00e1 trazer aproveitamento inferior da mat\u00e9ria prima.<\/span><\/p>\n<p style=\"text-align:start;\"><span style=\"color: rgb(51,66,85);background-color: rgb(252,252,252);font-size: 15px;font-family: -apple-system, BlinkMacSystemFont, \"Segoe UI\", Roboto, Oxygen-Sans, Ubuntu, Cantarell, \"Helvetica Neue\", sans-serif;\">A permiss\u00e3o, no caso, normalmente leva \u00e0 ideia oposta \u00e0 restri\u00e7\u00e3o, ou seja, de aumento. A permiss\u00e3o ao c\u00e1lculo livre, por exemplo, quer dizer, sem limita\u00e7\u00e3o ao n\u00famero de fases de corte, beneficiar\u00e1 o aproveitamento. O mesmo ocorre no caso de permiss\u00e3o \u00e0\u00a0rota\u00e7\u00e3o\u00a0do material durante o c\u00e1lculo, geralmente liberada para materiais lisos, sem a obrigatoriedade de manter a orienta\u00e7\u00e3o da textura. Mas nem sempre os resultados da permiss\u00e3o ser\u00e3o positivos. \u00c9 o que acontece quando aumentamos a diversidade de tamanhos para os materiais e\/ou para as pe\u00e7as: a complexidade ao c\u00e1lculo tamb\u00e9m crescer\u00e1 e haver\u00e1 menor velocidade para chegar a um resultado.<\/span><\/p>\n<p style=\"text-align:start;\"><span style=\"color: rgb(51,66,85);background-color: rgb(252,252,252);font-size: 15px;font-family: -apple-system, BlinkMacSystemFont, \"Segoe UI\", Roboto, Oxygen-Sans, Ubuntu, Cantarell, \"Helvetica Neue\", sans-serif;\">Para testes comparativos r\u00e1pidos com resultados alcan\u00e7ados para determinado\u00a0projeto, o Corte Certo disp\u00f5e da ferramenta \u201c<em>O que acontece se<\/em>\u201d, que permite desativar, apenas para o c\u00e1lculo seguinte, determinada restri\u00e7\u00e3o para que o usu\u00e1rio tenha maior clareza sobre a diferen\u00e7a que ela pode causar ao resultado.<\/span><\/p>\n<p style=\"text-align:start;\"><span style=\"color: rgb(51,66,85);background-color: rgb(252,252,252);font-size: 15px;font-family: -apple-system, BlinkMacSystemFont, \"Segoe UI\", Roboto, Oxygen-Sans, Ubuntu, Cantarell, \"Helvetica Neue\", sans-serif;\">Veja tamb\u00e9m:\u00a0Default\u00a0e Configura\u00e7\u00e3o.<\/span>&nbsp;<\/p>\n","_links":{"self":[{"href":"https:\/\/cortecerto.com\/es\/wp-json\/wp\/v2\/glossaries\/172","targetHints":{"allow":["GET"]}}],"collection":[{"href":"https:\/\/cortecerto.com\/es\/wp-json\/wp\/v2\/glossaries"}],"about":[{"href":"https:\/\/cortecerto.com\/es\/wp-json\/wp\/v2\/taxonomies\/glossaries"}],"wp:post_type":[{"href":"https:\/\/cortecerto.com\/es\/wp-json\/wp\/v2\/docs?glossaries=172"}],"curies":[{"name":"wp","href":"https:\/\/api.w.org\/{rel}","templated":true}]}}